{"id":3003,"date":"2024-01-09T14:04:16","date_gmt":"2024-01-09T13:04:16","guid":{"rendered":"https:\/\/www.schrankplaner.de\/exklusiv\/?p=3003"},"modified":"2024-01-09T14:05:20","modified_gmt":"2024-01-09T13:05:20","slug":"einrichtungsideen","status":"publish","type":"post","link":"https:\/\/www.schrankplaner.de\/exklusiv\/einrichtungsideen\/","title":{"rendered":"Einrichtungsideen"},"content":{"rendered":"\t\t<div data-elementor-type=\"wp-post\" data-elementor-id=\"3003\" class=\"elementor elementor-3003\" data-elementor-post-type=\"post\">\n\t\t\t\t\t\t<section data-particle_enable=\"false\" data-particle-mobile-disabled=\"false\" class=\"elementor-section elementor-top-section elementor-element elementor-element-1ae4b776 elementor-section-height-min-height elementor-section-items-bottom elementor-hidden-tablet elementor-hidden-phone elementor-section-boxed elementor-section-height-default elementor-invisible\" data-id=\"1ae4b776\" data-element_type=\"section\" data-settings=\"{&quot;background_background&quot;:&quot;classic&quot;,&quot;animation&quot;:&quot;pulse&quot;,&quot;animation_delay&quot;:500}\">\n\t\t\t\t\t\t<div class=\"elementor-container elementor-column-gap-no\">\n\t\t\t\t\t<div class=\"elementor-column elementor-col-100 elementor-top-column elementor-element elementor-element-6aba2af2\" data-id=\"6aba2af2\" data-element_type=\"column\">\n\t\t\t<div class=\"elementor-widget-wrap elementor-element-populated\">\n\t\t\t\t\t\t<div class=\"elementor-element elementor-element-fba2849 elementor-hidden-tablet elementor-hidden-mobile elementor-widget elementor-widget-global elementor-global-1227 elementor-widget-text-editor\" data-id=\"fba2849\" data-element_type=\"widget\" data-widget_type=\"text-editor.default\">\n\t\t\t\t<div class=\"elementor-widget-container\">\n\t\t\t\t\t\t\t\t\t<table style=\"height: 10px; width: 100%; border-collapse: collapse; border-style: none;\">\n<tbody>\n<tr style=\"height: 10px; border-style: none;\">\n<td style=\"width: 11.2%; height: 10px; border-style: none;\"><sub><span style=\"color: #ff0000;\">\u25cf<\/span> 2-Mann Lieferung<\/sub><\/td>\n<td style=\"width: 11.3%; height: 10px; border-style: none;\"><sub><span style=\"color: #ff0000;\">\u25cf<\/span> Made in Germany<\/sub><\/td>\n<td style=\"width: 11.0%; height: 10px; border-style: none;\"><sub><span style=\"color: #ff0000;\">\u25cf<\/span> 5 Jahre Garantie<\/sub><\/td>\n<td style=\"width: 15.3919%; height: 10px; border-style: none;\"><sub><span style=\"color: #ff0000;\">\u25cf<\/span> 50.000 Schr\u00e4nke Erfahrung<\/sub><\/td>\n<td style=\"width: 23.7658%; height: 10px; border-style: none;\"><sub><span style=\"color: #ff0000;\">\u25cf<\/span> 3 &#8211; 5 Wochen Lieferzeit oder <a href=\"https:\/\/www.schrankplaner.de\/expresslieferung\">Expresslieferung<\/a><\/sub><\/td>\n<td style=\"width: 32.8088%; height: 10px; border-style: none;\"><sub><span style=\"color: #ff0000;\">\u25cf<\/span> Kundenurteil: sehr gut<\/sub><\/td>\n<\/tr>\n<\/tbody>\n<\/table>\t\t\t\t\t\t\t\t<\/div>\n\t\t\t\t<\/div>\n\t\t\t\t\t<\/div>\n\t\t<\/div>\n\t\t\t\t\t<\/div>\n\t\t<\/section>\n\t\t\t\t<section data-particle_enable=\"false\" data-particle-mobile-disabled=\"false\" class=\"elementor-section elementor-top-section elementor-element elementor-element-f9de03e elementor-section-boxed elementor-section-height-default elementor-section-height-default\" data-id=\"f9de03e\" data-element_type=\"section\" data-settings=\"{&quot;background_background&quot;:&quot;classic&quot;}\">\n\t\t\t\t\t\t<div class=\"elementor-container elementor-column-gap-default\">\n\t\t\t\t\t<div class=\"elementor-column elementor-col-50 elementor-top-column elementor-element elementor-element-51ff1d48\" data-id=\"51ff1d48\" data-element_type=\"column\">\n\t\t\t<div class=\"elementor-widget-wrap elementor-element-populated\">\n\t\t\t\t\t\t<div class=\"elementor-element elementor-element-308ea85 elementor-widget elementor-widget-global elementor-global-1255 elementor-widget-theme-site-logo\" data-id=\"308ea85\" data-element_type=\"widget\" data-widget_type=\"theme-site-logo.default\">\n\t\t\t\t<div class=\"elementor-widget-container\">\n\t\t\t\t\t\t\t\t\t\t\t<a href=\"https:\/\/www.schrankplaner.de\/exklusiv\/\">\n\t\t\t<img decoding=\"async\" width=\"61\" height=\"61\" src=\"https:\/\/www.schrankplaner.de\/exklusiv\/wp-content\/uploads\/2020\/02\/cropped-Logo-Schrankplaner-Exklusiv.png\" class=\"attachment-full size-full wp-image-1889\" alt=\"Logo\" \/>\t\t\t\t<\/a>\n\t\t\t\t\t\t\t\t\t\t\t<\/div>\n\t\t\t\t<\/div>\n\t\t\t\t\t<\/div>\n\t\t<\/div>\n\t\t\t\t<div class=\"elementor-column elementor-col-25 elementor-top-column elementor-element elementor-element-2014d8fc\" data-id=\"2014d8fc\" data-element_type=\"column\">\n\t\t\t<div class=\"elementor-widget-wrap elementor-element-populated\">\n\t\t\t\t\t\t<div class=\"elementor-element elementor-element-1946a46d elementor-hidden-tablet elementor-hidden-phone elementor-widget elementor-widget-global elementor-global-1258 elementor-widget-image\" data-id=\"1946a46d\" data-element_type=\"widget\" data-widget_type=\"image.default\">\n\t\t\t\t<div class=\"elementor-widget-container\">\n\t\t\t\t\t\t\t\t\t\t\t\t\t\t\t<img decoding=\"async\" width=\"178\" height=\"34\" src=\"https:\/\/www.schrankplaner.de\/exklusiv\/wp-content\/uploads\/2020\/02\/tel.png\" class=\"attachment-full size-full wp-image-959\" alt=\"tel\" \/>\t\t\t\t\t\t\t\t\t\t\t\t\t\t\t<\/div>\n\t\t\t\t<\/div>\n\t\t\t\t\t<\/div>\n\t\t<\/div>\n\t\t\t\t<div class=\"elementor-column elementor-col-25 elementor-top-column elementor-element elementor-element-2f13f277\" data-id=\"2f13f277\" data-element_type=\"column\">\n\t\t\t<div class=\"elementor-widget-wrap elementor-element-populated\">\n\t\t\t\t\t\t<div class=\"elementor-element elementor-element-14393e2f elementor-hidden-tablet elementor-hidden-phone elementor-widget elementor-widget-global elementor-global-1262 elementor-widget-image\" data-id=\"14393e2f\" data-element_type=\"widget\" data-widget_type=\"image.default\">\n\t\t\t\t<div class=\"elementor-widget-container\">\n\t\t\t\t\t\t\t\t\t\t\t\t\t\t\t\t<a href=\"https:\/\/www.schrankplaner.de\/aufmass-vor-ort-service\">\n\t\t\t\t\t\t\t<img decoding=\"async\" width=\"155\" height=\"34\" src=\"https:\/\/www.schrankplaner.de\/exklusiv\/wp-content\/uploads\/2020\/02\/Aufmass-1.png\" class=\"attachment-full size-full wp-image-958\" alt=\"Aufma\u00dfservice\" srcset=\"https:\/\/www.schrankplaner.de\/exklusiv\/wp-content\/uploads\/2020\/02\/Aufmass-1.png 155w, https:\/\/www.schrankplaner.de\/exklusiv\/wp-content\/uploads\/2020\/02\/Aufmass-1-150x34.png 150w\" sizes=\"(max-width: 155px) 100vw, 155px\" \/>\t\t\t\t\t\t\t\t<\/a>\n\t\t\t\t\t\t\t\t\t\t\t\t\t\t\t<\/div>\n\t\t\t\t<\/div>\n\t\t\t\t\t<\/div>\n\t\t<\/div>\n\t\t\t\t\t<\/div>\n\t\t<\/section>\n\t\t\t\t<section data-particle_enable=\"false\" data-particle-mobile-disabled=\"false\" class=\"elementor-section elementor-top-section elementor-element elementor-element-4a9420c0 elementor-section-boxed elementor-section-height-default elementor-section-height-default\" data-id=\"4a9420c0\" data-element_type=\"section\" data-settings=\"{&quot;background_background&quot;:&quot;classic&quot;}\">\n\t\t\t\t\t\t<div class=\"elementor-container elementor-column-gap-no\">\n\t\t\t\t\t<div class=\"elementor-column elementor-col-100 elementor-top-column elementor-element elementor-element-4f16a2ea\" data-id=\"4f16a2ea\" data-element_type=\"column\">\n\t\t\t<div class=\"elementor-widget-wrap elementor-element-populated\">\n\t\t\t\t\t\t<div class=\"elementor-element elementor-element-1642fc40 elementor-nav-menu--dropdown-tablet elementor-nav-menu__text-align-aside elementor-nav-menu--toggle elementor-nav-menu--burger elementor-widget elementor-widget-global elementor-global-1265 elementor-widget-nav-menu\" data-id=\"1642fc40\" data-element_type=\"widget\" data-settings=\"{&quot;submenu_icon&quot;:{&quot;value&quot;:&quot;fas e-plus-icon&quot;,&quot;library&quot;:&quot;&quot;},&quot;layout&quot;:&quot;horizontal&quot;,&quot;toggle&quot;:&quot;burger&quot;}\" data-widget_type=\"nav-menu.default\">\n\t\t\t\t<div class=\"elementor-widget-container\">\n\t\t\t\t\t\t\t\t<nav aria-label=\"Men\u00fc\" class=\"elementor-nav-menu--main elementor-nav-menu__container elementor-nav-menu--layout-horizontal e--pointer-none\">\n\t\t\t\t<ul id=\"menu-1-1642fc40\" class=\"elementor-nav-menu\"><li class=\"menu-item menu-item-type-post_type menu-item-object-post menu-item-has-children menu-item-1790\"><a aria-expanded=\"false\" href=\"https:\/\/www.schrankplaner.de\/exklusiv\/themen\/\" class=\"elementor-item menu-link\">Themen<span role=\"application\" class=\"dropdown-menu-toggle ast-header-navigation-arrow\" tabindex=\"0\" aria-expanded=\"false\" aria-label=\"Men\u00fc umschalten\" ><span class=\"ast-icon icon-arrow\"><svg class=\"ast-arrow-svg\" xmlns=\"http:\/\/www.w3.org\/2000\/svg\" xmlns:xlink=\"http:\/\/www.w3.org\/1999\/xlink\" version=\"1.1\" x=\"0px\" y=\"0px\" width=\"26px\" height=\"16.043px\" viewBox=\"57 35.171 26 16.043\" enable-background=\"new 57 35.171 26 16.043\" xml:space=\"preserve\">\n                <path d=\"M57.5,38.193l12.5,12.5l12.5-12.5l-2.5-2.5l-10,10l-10-10L57.5,38.193z\"\/>\n                <\/svg><\/span><\/span><\/a>\n<ul class=\"sub-menu elementor-nav-menu--dropdown\">\n\t<li class=\"menu-item menu-item-type-post_type menu-item-object-post menu-item-1791\"><a href=\"https:\/\/www.schrankplaner.de\/exklusiv\/schrank-planen-aufbauen\/\" class=\"elementor-sub-item menu-link\"><span class=\"ast-icon icon-arrow\"><svg class=\"ast-arrow-svg\" xmlns=\"http:\/\/www.w3.org\/2000\/svg\" xmlns:xlink=\"http:\/\/www.w3.org\/1999\/xlink\" version=\"1.1\" x=\"0px\" y=\"0px\" width=\"26px\" height=\"16.043px\" viewBox=\"57 35.171 26 16.043\" enable-background=\"new 57 35.171 26 16.043\" xml:space=\"preserve\">\n                <path d=\"M57.5,38.193l12.5,12.5l12.5-12.5l-2.5-2.5l-10,10l-10-10L57.5,38.193z\"\/>\n                <\/svg><\/span>Schrank Planen &#038; Aufbauen<\/a><\/li>\n\t<li class=\"menu-item menu-item-type-post_type menu-item-object-post menu-item-1794\"><a href=\"https:\/\/www.schrankplaner.de\/exklusiv\/ordnung-im-schrank\/\" class=\"elementor-sub-item menu-link\"><span class=\"ast-icon icon-arrow\"><svg class=\"ast-arrow-svg\" xmlns=\"http:\/\/www.w3.org\/2000\/svg\" xmlns:xlink=\"http:\/\/www.w3.org\/1999\/xlink\" version=\"1.1\" x=\"0px\" y=\"0px\" width=\"26px\" height=\"16.043px\" viewBox=\"57 35.171 26 16.043\" enable-background=\"new 57 35.171 26 16.043\" xml:space=\"preserve\">\n                <path d=\"M57.5,38.193l12.5,12.5l12.5-12.5l-2.5-2.5l-10,10l-10-10L57.5,38.193z\"\/>\n                <\/svg><\/span>Ordnung im Schrank<\/a><\/li>\n\t<li class=\"menu-item menu-item-type-post_type menu-item-object-post menu-item-2817\"><a href=\"https:\/\/www.schrankplaner.de\/exklusiv\/aktuelle-schrank-trends\/\" class=\"elementor-sub-item menu-link\"><span class=\"ast-icon icon-arrow\"><svg class=\"ast-arrow-svg\" xmlns=\"http:\/\/www.w3.org\/2000\/svg\" xmlns:xlink=\"http:\/\/www.w3.org\/1999\/xlink\" version=\"1.1\" x=\"0px\" y=\"0px\" width=\"26px\" height=\"16.043px\" viewBox=\"57 35.171 26 16.043\" enable-background=\"new 57 35.171 26 16.043\" xml:space=\"preserve\">\n                <path d=\"M57.5,38.193l12.5,12.5l12.5-12.5l-2.5-2.5l-10,10l-10-10L57.5,38.193z\"\/>\n                <\/svg><\/span>Aktuelle Schrank Trends<\/a><\/li>\n\t<li class=\"menu-item menu-item-type-post_type menu-item-object-post menu-item-3006\"><a href=\"https:\/\/www.schrankplaner.de\/exklusiv\/einrichtungsideen\/\" class=\"elementor-sub-item menu-link\"><span class=\"ast-icon icon-arrow\"><svg class=\"ast-arrow-svg\" xmlns=\"http:\/\/www.w3.org\/2000\/svg\" xmlns:xlink=\"http:\/\/www.w3.org\/1999\/xlink\" version=\"1.1\" x=\"0px\" y=\"0px\" width=\"26px\" height=\"16.043px\" viewBox=\"57 35.171 26 16.043\" enable-background=\"new 57 35.171 26 16.043\" xml:space=\"preserve\">\n                <path d=\"M57.5,38.193l12.5,12.5l12.5-12.5l-2.5-2.5l-10,10l-10-10L57.5,38.193z\"\/>\n                <\/svg><\/span>Einrichtungsideen<\/a><\/li>\n<\/ul>\n<\/li>\n<li class=\"menu-item menu-item-type-custom menu-item-object-custom menu-item-929\"><a href=\"https:\/\/www.schrankplaner.de\" class=\"elementor-item menu-link\">Shop<\/a><\/li>\n<li class=\"menu-item menu-item-type-post_type menu-item-object-page menu-item-privacy-policy menu-item-3021\"><a rel=\"privacy-policy\" href=\"https:\/\/www.schrankplaner.de\/exklusiv\/datenschutzerklaerung\/\" class=\"elementor-item menu-link\">Datenschutz<\/a><\/li>\n<li class=\"menu-item menu-item-type-post_type menu-item-object-page menu-item-934\"><a href=\"https:\/\/www.schrankplaner.de\/exklusiv\/kontakt\/\" class=\"elementor-item menu-link\">Kontakt<\/a><\/li>\n<li class=\"menu-item menu-item-type-post_type menu-item-object-page menu-item-935\"><a href=\"https:\/\/www.schrankplaner.de\/exklusiv\/impressum\/\" class=\"elementor-item menu-link\">Impressum<\/a><\/li>\n<\/ul>\t\t\t<\/nav>\n\t\t\t\t\t<div class=\"elementor-menu-toggle\" role=\"button\" tabindex=\"0\" aria-label=\"Menu Toggle\" aria-expanded=\"false\">\n\t\t\t<i aria-hidden=\"true\" role=\"presentation\" class=\"elementor-menu-toggle__icon--open eicon-menu-bar\"><\/i><i aria-hidden=\"true\" role=\"presentation\" class=\"elementor-menu-toggle__icon--close eicon-close\"><\/i>\t\t<\/div>\n\t\t\t\t\t<nav class=\"elementor-nav-menu--dropdown elementor-nav-menu__container\" aria-hidden=\"true\">\n\t\t\t\t<ul id=\"menu-2-1642fc40\" class=\"elementor-nav-menu\"><li class=\"menu-item menu-item-type-post_type menu-item-object-post menu-item-has-children menu-item-1790\"><a aria-expanded=\"false\" href=\"https:\/\/www.schrankplaner.de\/exklusiv\/themen\/\" class=\"elementor-item menu-link\" tabindex=\"-1\">Themen<span role=\"application\" class=\"dropdown-menu-toggle ast-header-navigation-arrow\" tabindex=\"0\" aria-expanded=\"false\" aria-label=\"Men\u00fc umschalten\" ><span class=\"ast-icon icon-arrow\"><svg class=\"ast-arrow-svg\" xmlns=\"http:\/\/www.w3.org\/2000\/svg\" xmlns:xlink=\"http:\/\/www.w3.org\/1999\/xlink\" version=\"1.1\" x=\"0px\" y=\"0px\" width=\"26px\" height=\"16.043px\" viewBox=\"57 35.171 26 16.043\" enable-background=\"new 57 35.171 26 16.043\" xml:space=\"preserve\">\n                <path d=\"M57.5,38.193l12.5,12.5l12.5-12.5l-2.5-2.5l-10,10l-10-10L57.5,38.193z\"\/>\n                <\/svg><\/span><\/span><\/a>\n<ul class=\"sub-menu elementor-nav-menu--dropdown\">\n\t<li class=\"menu-item menu-item-type-post_type menu-item-object-post menu-item-1791\"><a href=\"https:\/\/www.schrankplaner.de\/exklusiv\/schrank-planen-aufbauen\/\" class=\"elementor-sub-item menu-link\" tabindex=\"-1\"><span class=\"ast-icon icon-arrow\"><svg class=\"ast-arrow-svg\" xmlns=\"http:\/\/www.w3.org\/2000\/svg\" xmlns:xlink=\"http:\/\/www.w3.org\/1999\/xlink\" version=\"1.1\" x=\"0px\" y=\"0px\" width=\"26px\" height=\"16.043px\" viewBox=\"57 35.171 26 16.043\" enable-background=\"new 57 35.171 26 16.043\" xml:space=\"preserve\">\n                <path d=\"M57.5,38.193l12.5,12.5l12.5-12.5l-2.5-2.5l-10,10l-10-10L57.5,38.193z\"\/>\n                <\/svg><\/span>Schrank Planen &#038; Aufbauen<\/a><\/li>\n\t<li class=\"menu-item menu-item-type-post_type menu-item-object-post menu-item-1794\"><a href=\"https:\/\/www.schrankplaner.de\/exklusiv\/ordnung-im-schrank\/\" class=\"elementor-sub-item menu-link\" tabindex=\"-1\"><span class=\"ast-icon icon-arrow\"><svg class=\"ast-arrow-svg\" xmlns=\"http:\/\/www.w3.org\/2000\/svg\" xmlns:xlink=\"http:\/\/www.w3.org\/1999\/xlink\" version=\"1.1\" x=\"0px\" y=\"0px\" width=\"26px\" height=\"16.043px\" viewBox=\"57 35.171 26 16.043\" enable-background=\"new 57 35.171 26 16.043\" xml:space=\"preserve\">\n                <path d=\"M57.5,38.193l12.5,12.5l12.5-12.5l-2.5-2.5l-10,10l-10-10L57.5,38.193z\"\/>\n                <\/svg><\/span>Ordnung im Schrank<\/a><\/li>\n\t<li class=\"menu-item menu-item-type-post_type menu-item-object-post menu-item-2817\"><a href=\"https:\/\/www.schrankplaner.de\/exklusiv\/aktuelle-schrank-trends\/\" class=\"elementor-sub-item menu-link\" tabindex=\"-1\"><span class=\"ast-icon icon-arrow\"><svg class=\"ast-arrow-svg\" xmlns=\"http:\/\/www.w3.org\/2000\/svg\" xmlns:xlink=\"http:\/\/www.w3.org\/1999\/xlink\" version=\"1.1\" x=\"0px\" y=\"0px\" width=\"26px\" height=\"16.043px\" viewBox=\"57 35.171 26 16.043\" enable-background=\"new 57 35.171 26 16.043\" xml:space=\"preserve\">\n                <path d=\"M57.5,38.193l12.5,12.5l12.5-12.5l-2.5-2.5l-10,10l-10-10L57.5,38.193z\"\/>\n                <\/svg><\/span>Aktuelle Schrank Trends<\/a><\/li>\n\t<li class=\"menu-item menu-item-type-post_type menu-item-object-post menu-item-3006\"><a href=\"https:\/\/www.schrankplaner.de\/exklusiv\/einrichtungsideen\/\" class=\"elementor-sub-item menu-link\" tabindex=\"-1\"><span class=\"ast-icon icon-arrow\"><svg class=\"ast-arrow-svg\" xmlns=\"http:\/\/www.w3.org\/2000\/svg\" xmlns:xlink=\"http:\/\/www.w3.org\/1999\/xlink\" version=\"1.1\" x=\"0px\" y=\"0px\" width=\"26px\" height=\"16.043px\" viewBox=\"57 35.171 26 16.043\" enable-background=\"new 57 35.171 26 16.043\" xml:space=\"preserve\">\n                <path d=\"M57.5,38.193l12.5,12.5l12.5-12.5l-2.5-2.5l-10,10l-10-10L57.5,38.193z\"\/>\n                <\/svg><\/span>Einrichtungsideen<\/a><\/li>\n<\/ul>\n<\/li>\n<li class=\"menu-item menu-item-type-custom menu-item-object-custom menu-item-929\"><a href=\"https:\/\/www.schrankplaner.de\" class=\"elementor-item menu-link\" tabindex=\"-1\">Shop<\/a><\/li>\n<li class=\"menu-item menu-item-type-post_type menu-item-object-page menu-item-privacy-policy menu-item-3021\"><a rel=\"privacy-policy\" href=\"https:\/\/www.schrankplaner.de\/exklusiv\/datenschutzerklaerung\/\" class=\"elementor-item menu-link\" tabindex=\"-1\">Datenschutz<\/a><\/li>\n<li class=\"menu-item menu-item-type-post_type menu-item-object-page menu-item-934\"><a href=\"https:\/\/www.schrankplaner.de\/exklusiv\/kontakt\/\" class=\"elementor-item menu-link\" tabindex=\"-1\">Kontakt<\/a><\/li>\n<li class=\"menu-item menu-item-type-post_type menu-item-object-page menu-item-935\"><a href=\"https:\/\/www.schrankplaner.de\/exklusiv\/impressum\/\" class=\"elementor-item menu-link\" tabindex=\"-1\">Impressum<\/a><\/li>\n<\/ul>\t\t\t<\/nav>\n\t\t\t\t\t\t<\/div>\n\t\t\t\t<\/div>\n\t\t\t\t\t<\/div>\n\t\t<\/div>\n\t\t\t\t\t<\/div>\n\t\t<\/section>\n\t\t\t\t<section data-particle_enable=\"false\" data-particle-mobile-disabled=\"false\" class=\"elementor-section elementor-top-section elementor-element elementor-element-4cab9392 elementor-section-boxed elementor-section-height-default elementor-section-height-default\" data-id=\"4cab9392\" data-element_type=\"section\">\n\t\t\t\t\t\t<div class=\"elementor-container elementor-column-gap-default\">\n\t\t\t\t\t<div class=\"elementor-column elementor-col-100 elementor-top-column elementor-element elementor-element-3e370e5f\" data-id=\"3e370e5f\" data-element_type=\"column\">\n\t\t\t<div class=\"elementor-widget-wrap elementor-element-populated\">\n\t\t\t\t\t\t<div class=\"elementor-element elementor-element-5bb07021 elementor-widget elementor-widget-heading\" data-id=\"5bb07021\" data-element_type=\"widget\" data-widget_type=\"heading.default\">\n\t\t\t\t<div class=\"elementor-widget-container\">\n\t\t\t\t\t<h1 class=\"elementor-heading-title elementor-size-large\">Einrichtungsideen<\/h1>\t\t\t\t<\/div>\n\t\t\t\t<\/div>\n\t\t\t\t\t<\/div>\n\t\t<\/div>\n\t\t\t\t\t<\/div>\n\t\t<\/section>\n\t\t\t\t<section data-particle_enable=\"false\" data-particle-mobile-disabled=\"false\" class=\"elementor-section elementor-top-section elementor-element elementor-element-435530a4 elementor-section-boxed elementor-section-height-default elementor-section-height-default\" data-id=\"435530a4\" data-element_type=\"section\">\n\t\t\t\t\t\t\t<div class=\"elementor-background-overlay\"><\/div>\n\t\t\t\t\t\t\t<div class=\"elementor-container elementor-column-gap-default\">\n\t\t\t\t\t<div class=\"elementor-column elementor-col-100 elementor-top-column elementor-element elementor-element-17854d89\" data-id=\"17854d89\" data-element_type=\"column\">\n\t\t\t<div class=\"elementor-widget-wrap elementor-element-populated\">\n\t\t\t\t\t\t<div class=\"elementor-element elementor-element-377e361d elementor-widget elementor-widget-text-editor\" data-id=\"377e361d\" data-element_type=\"widget\" data-widget_type=\"text-editor.default\">\n\t\t\t\t<div class=\"elementor-widget-container\">\n\t\t\t\t\t\t\t\t\t<p>Hier finden Sie alles Rund um das Thema Einrichtungsideen.<\/p>\t\t\t\t\t\t\t\t<\/div>\n\t\t\t\t<\/div>\n\t\t\t\t\t<\/div>\n\t\t<\/div>\n\t\t\t\t\t<\/div>\n\t\t<\/section>\n\t\t\t\t<section data-particle_enable=\"false\" data-particle-mobile-disabled=\"false\" class=\"elementor-section elementor-top-section elementor-element elementor-element-9683ea0 elementor-section-boxed elementor-section-height-default elementor-section-height-default\" data-id=\"9683ea0\" data-element_type=\"section\">\n\t\t\t\t\t\t<div class=\"elementor-container elementor-column-gap-default\">\n\t\t\t\t\t<div class=\"elementor-column elementor-col-100 elementor-top-column elementor-element elementor-element-df3e8bc\" data-id=\"df3e8bc\" data-element_type=\"column\">\n\t\t\t<div class=\"elementor-widget-wrap elementor-element-populated\">\n\t\t\t\t\t\t<div class=\"elementor-element elementor-element-49fa104 elementor-widget elementor-widget-eael-post-block\" data-id=\"49fa104\" data-element_type=\"widget\" data-widget_type=\"eael-post-block.default\">\n\t\t\t\t<div class=\"elementor-widget-container\">\n\t\t\t\t\t<div id=\"eael-post-block-49fa104\" class=\"eael-post-block default post-block-layout-block\">\n            <div class=\"eael-post-block-grid eael-post-appender eael-post-appender-49fa104  \"><article class=\"eael-post-block-item eael-post-block-column\">\n    <div class=\"eael-post-block-item-holder\">\n        <div class=\"eael-post-block-item-holder-inner\"><div class=\"eael-entry-media\">\n                    <div class=\"eael-entry-overlay fade-in\"><i class=\"fas fa-long-arrow-alt-right\" aria-hidden=\"true\"><\/i><a href=\"https:\/\/www.schrankplaner.de\/exklusiv\/feng-shui-wohnzimmer\/\"\n                    \n                    >\n                    <\/a>\n                    <\/div>\n                    <div class=\"eael-entry-thumbnail \">\n                        <img decoding=\"async\" src=\"https:\/\/www.schrankplaner.de\/exklusiv\/wp-content\/uploads\/2026\/03\/Modernes-Feng-Shui-Wohnzimmer-768x439.jpg\" alt=\"Modernes Feng Shui Wohnzimmer\">\n                    <\/div>\n                <\/div><div class=\"eael-entry-wrapper\"><header class=\"eael-entry-header\"><h2 class=\"eael-entry-title\">\n                                    <a class=\"eael-grid-post-link\" href=\"https:\/\/www.schrankplaner.de\/exklusiv\/feng-shui-wohnzimmer\/\" title=\"Feng Shui Wohnzimmer: Die ultimative Anleitung f\u00fcr mehr Harmonie und Wohlbefinden\">\n                                    Feng Shui Wohnzimmer: Die ultimative Anleitung f\u00fcr mehr Harmonie und Wohlbefinden\n                                    <\/a>\n\n                                <\/h2><\/header><div class=\"eael-entry-content\"><div class=\"eael-grid-post-excerpt\"><p>Die chinesische Harmonielehre Feng Shui bietet Ihnen einen wunderbaren Werkzeugkasten,...<\/p><a \n                                    href=\"https:\/\/www.schrankplaner.de\/exklusiv\/feng-shui-wohnzimmer\/\" \n                                    class=\"eael-post-elements-readmore-btn\"\n                                    \n                                    >\n                                    weiterlesen<\/a><\/div><\/div>\n                <\/div><\/div>\n    <\/div>\n<\/article><article class=\"eael-post-block-item eael-post-block-column\">\n    <div class=\"eael-post-block-item-holder\">\n        <div class=\"eael-post-block-item-holder-inner\"><div class=\"eael-entry-media\">\n                    <div class=\"eael-entry-overlay fade-in\"><i class=\"fas fa-long-arrow-alt-right\" aria-hidden=\"true\"><\/i><a href=\"https:\/\/www.schrankplaner.de\/exklusiv\/landhausstil-einrichten\/\"\n                    \n                    >\n                    <\/a>\n                    <\/div>\n                    <div class=\"eael-entry-thumbnail \">\n                        <img decoding=\"async\" src=\"https:\/\/www.schrankplaner.de\/exklusiv\/wp-content\/uploads\/2026\/01\/landhaus-wohnzimmer-768x448.jpg\" alt=\"Landhaus-Wohnzimmer mit gro\u00dfem gew\u00f6lbten Fenster\">\n                    <\/div>\n                <\/div><div class=\"eael-entry-wrapper\"><header class=\"eael-entry-header\"><h2 class=\"eael-entry-title\">\n                                    <a class=\"eael-grid-post-link\" href=\"https:\/\/www.schrankplaner.de\/exklusiv\/landhausstil-einrichten\/\" title=\"Landhausstil einrichten: Der gro\u00dfe Ratgeber f\u00fcr urige Gem\u00fctlichkeit\">\n                                    Landhausstil einrichten: Der gro\u00dfe Ratgeber f\u00fcr urige Gem\u00fctlichkeit\n                                    <\/a>\n\n                                <\/h2><\/header><div class=\"eael-entry-content\"><div class=\"eael-grid-post-excerpt\"><p>Stellen Sie sich vor, Sie kommen nach Hause und werden...<\/p><a \n                                    href=\"https:\/\/www.schrankplaner.de\/exklusiv\/landhausstil-einrichten\/\" \n                                    class=\"eael-post-elements-readmore-btn\"\n                                    \n                                    >\n                                    weiterlesen<\/a><\/div><\/div>\n                <\/div><\/div>\n    <\/div>\n<\/article><article class=\"eael-post-block-item eael-post-block-column\">\n    <div class=\"eael-post-block-item-holder\">\n        <div class=\"eael-post-block-item-holder-inner\"><div class=\"eael-entry-media\">\n                    <div class=\"eael-entry-overlay fade-in\"><i class=\"fas fa-long-arrow-alt-right\" aria-hidden=\"true\"><\/i><a href=\"https:\/\/www.schrankplaner.de\/exklusiv\/skandinavischer-einrichtungsstil\/\"\n                    \n                    >\n                    <\/a>\n                    <\/div>\n                    <div class=\"eael-entry-thumbnail \">\n                        <img decoding=\"async\" src=\"https:\/\/www.schrankplaner.de\/exklusiv\/wp-content\/uploads\/2025\/12\/skandinavisches-wohnzimmer-deko-lampe-768x448.jpg\" alt=\"Wohnzimmer im skandinavischen Stil (Skandi-Stil)\">\n                    <\/div>\n                <\/div><div class=\"eael-entry-wrapper\"><header class=\"eael-entry-header\"><h2 class=\"eael-entry-title\">\n                                    <a class=\"eael-grid-post-link\" href=\"https:\/\/www.schrankplaner.de\/exklusiv\/skandinavischer-einrichtungsstil\/\" title=\"Einrichtungsstil Skandi: Tipps f\u00fcr skandinavische M\u00f6bel &#038; Einrichtung\">\n                                    Einrichtungsstil Skandi: Tipps f\u00fcr skandinavische M\u00f6bel &#038; Einrichtung\n                                    <\/a>\n\n                                <\/h2><\/header><div class=\"eael-entry-content\"><div class=\"eael-grid-post-excerpt\"><p>Stellen Sie sich einen Raum vor, der sofort Ruhe ausstrahlt:...<\/p><a \n                                    href=\"https:\/\/www.schrankplaner.de\/exklusiv\/skandinavischer-einrichtungsstil\/\" \n                                    class=\"eael-post-elements-readmore-btn\"\n                                    \n                                    >\n                                    weiterlesen<\/a><\/div><\/div>\n                <\/div><\/div>\n    <\/div>\n<\/article><article class=\"eael-post-block-item eael-post-block-column\">\n    <div class=\"eael-post-block-item-holder\">\n        <div class=\"eael-post-block-item-holder-inner\"><div class=\"eael-entry-media\">\n                    <div class=\"eael-entry-overlay fade-in\"><i class=\"fas fa-long-arrow-alt-right\" aria-hidden=\"true\"><\/i><a href=\"https:\/\/www.schrankplaner.de\/exklusiv\/moebel-im-eichendekor\/\"\n                    \n                    >\n                    <\/a>\n                    <\/div>\n                    <div class=\"eael-entry-thumbnail \">\n                        <img decoding=\"async\" src=\"https:\/\/www.schrankplaner.de\/exklusiv\/wp-content\/uploads\/2024\/04\/Moebel-im-Eichendekor-Slider-768x449.jpg\" alt=\"M\u00f6bel im Eichendekor\">\n                    <\/div>\n                <\/div><div class=\"eael-entry-wrapper\"><header class=\"eael-entry-header\"><h2 class=\"eael-entry-title\">\n                                    <a class=\"eael-grid-post-link\" href=\"https:\/\/www.schrankplaner.de\/exklusiv\/moebel-im-eichendekor\/\" title=\"M\u00f6bel im Eichendekor\">\n                                    M\u00f6bel im Eichendekor\n                                    <\/a>\n\n                                <\/h2><\/header><div class=\"eael-entry-content\"><div class=\"eael-grid-post-excerpt\"><p>M\u00f6bel im Eichendekor sind schon immer sehr beliebt gewesen und...<\/p><a \n                                    href=\"https:\/\/www.schrankplaner.de\/exklusiv\/moebel-im-eichendekor\/\" \n                                    class=\"eael-post-elements-readmore-btn\"\n                                    \n                                    >\n                                    weiterlesen<\/a><\/div><\/div>\n                <\/div><\/div>\n    <\/div>\n<\/article><\/div>\n\t\t<\/div>            <div class=\"eael-load-more-button-wrap\">\n                <button class=\"eael-load-more-button\" id=\"eael-load-more-btn-49fa104\" data-widget-id=\"49fa104\" data-widget=\"49fa104\" data-page-id=\"3003\" data-template=\"{&quot;dir&quot;:&quot;pro&quot;,&quot;file_name&quot;:&quot;default.php&quot;,&quot;name&quot;:&quot;Post-Block&quot;}\" data-class=\"Essential_Addons_Elementor\\Pro\\Elements\\Post_Block\" data-layout=\"\" data-page=\"1\" data-args=\"orderby=date&amp;order=desc&amp;ignore_sticky_posts=1&amp;post_status=publish&amp;posts_per_page=4&amp;offset=0&amp;post_type=post&amp;tax_query%5B0%5D%5Btaxonomy%5D=category&amp;tax_query%5B0%5D%5Bfield%5D=term_id&amp;tax_query%5B0%5D%5Bterms%5D%5B0%5D=81&amp;tax_query%5Brelation%5D=AND&amp;post__not_in%5B0%5D=3003\" data-max-page=\"2\">\n                    <span class=\"eael-btn-loader button__loader\"><\/span>\n                    <span class=\"eael_load_more_text\">Mehr laden<\/span>\n                <\/button>\n            <\/div>\n            \t\t\t\t<\/div>\n\t\t\t\t<\/div>\n\t\t\t\t\t<\/div>\n\t\t<\/div>\n\t\t\t\t\t<\/div>\n\t\t<\/section>\n\t\t\t\t<section data-particle_enable=\"false\" data-particle-mobile-disabled=\"false\" class=\"elementor-section elementor-top-section elementor-element elementor-element-7254ed7 elementor-section-boxed elementor-section-height-default elementor-section-height-default\" data-id=\"7254ed7\" data-element_type=\"section\" data-settings=\"{&quot;background_background&quot;:&quot;classic&quot;}\">\n\t\t\t\t\t\t<div class=\"elementor-container elementor-column-gap-default\">\n\t\t\t\t\t<div class=\"elementor-column elementor-col-25 elementor-top-column elementor-element elementor-element-66c1ded5\" data-id=\"66c1ded5\" data-element_type=\"column\">\n\t\t\t<div class=\"elementor-widget-wrap elementor-element-populated\">\n\t\t\t\t\t\t<div class=\"elementor-element elementor-element-546554ec elementor-widget elementor-widget-global elementor-global-1268 elementor-widget-text-editor\" data-id=\"546554ec\" data-element_type=\"widget\" data-widget_type=\"text-editor.default\">\n\t\t\t\t<div class=\"elementor-widget-container\">\n\t\t\t\t\t\t\t\t\t<h4><em><span style=\"color: #ffffff;\">Service<\/span><\/em><\/h4>\n<br>\n<p style=\"padding-left: 40px;\"><span style=\"color: #ffffff;\"><a style=\"color: #ffffff;\" title=\"Expresslieferung\" href=\"https:\/\/www.schrankplaner.de\/expresslieferung\">Expresslieferung<\/a><\/span>\n<br>\n<span style=\"color: #ffffff;\"><a style=\"color: #ffffff;\" title=\"Musterdekore\" href=\"https:\/\/www.schrankplaner.de\/service\/musterdekore\">Musterdekore<\/a><\/span>\n<br>\n<span style=\"color: #ffffff;\"><a style=\"color: #ffffff;\" title=\"Aufma\u00dfanleitungen\" href=\"https:\/\/www.schrankplaner.de\/service\/aufmassanleitungen\">Aufma\u00dfanleitungen<\/a><\/span>\n<br>\n<span style=\"color: #ffffff;\"><a style=\"color: #ffffff;\" title=\"Aufbauanleitung\" href=\"https:\/\/www.schrankplaner.de\/kontakt\">Aufbauanleitung<\/a><\/span>\n<br>\n<span style=\"color: #ffffff;\"><a style=\"color: #ffffff;\" title=\"Beratung\" href=\"https:\/\/www.schrankplaner.de\/kontakt\">Beratung<\/a><\/span>\n<br>\n<span style=\"color: #ffffff;\"><a style=\"color: #ffffff;\" title=\"Ausstellung\" href=\"https:\/\/www.schrankplaner.de\/ausstellung-massmoebel-hersteller\">Ausstellung<\/a><\/span>\n<br>\n<span style=\"color: #ffffff;\"><a style=\"color: #ffffff;\" title=\"Aufma\u00dfservice\" href=\"https:\/\/www.schrankplaner.de\/service-aufmassservice\">Aufma\u00dfservice<\/a><\/span>\n<br>\n<span style=\"color: #ffffff;\"><a style=\"color: #ffffff;\" title=\"Montageservice\" href=\"https:\/\/www.schrankplaner.de\/service\/montageservice\">Montageservice<\/a><\/span>\n<br>\n<span style=\"color: #ffffff;\"><a style=\"color: #ffffff;\" title=\"Teile nachbestellen\" href=\"https:\/\/www.schrankplaner.de\/service\/nachbestellen\">Teile nachbestellen<\/a><\/span>\n<br>\n<span style=\"color: #ffffff;\"><a style=\"color: #ffffff;\" title=\"Lieferung und Verpackung\" href=\"https:\/\/www.schrankplaner.de\/service\/lieferung-verpackung\">Lieferung und Verpackung<\/a><\/span>\n<br>\n<span style=\"color: #ffffff;\"><a style=\"color: #ffffff;\" title=\"Sonderw\u00fcnsche\" href=\"https:\/\/www.schrankplaner.de\/service\/sonderwuensche\">Sonderw\u00fcnsche<\/a><\/span>\n<br>\n<span style=\"color: #ffffff;\"><a style=\"color: #ffffff;\" title=\"Auslandslieferung\" href=\"https:\/\/www.schrankplaner.de\/service\/auslandslieferung\">Auslandslieferung<\/a><\/span>\n<br>\n<span style=\"color: #ffffff;\"><a style=\"color: #ffffff;\" href=\"https:\/\/www.schrankplaner.de\/tischlerangebot-vergleichen\">Tischlerangebot vergleichen<\/a><\/span>\n<br>\n<span style=\"color: #ffffff;\"><a style=\"color: #ffffff;\" href=\"https:\/\/www.schrankplaner.de\/moebel-gutschein-bestellen\">Gutschein verschenken<\/a><\/span>\n<br>\n<span style=\"color: #ffffff;\"><a style=\"color: #ffffff;\" title=\"Rabatt Dekore\" href=\"https:\/\/www.schrankplaner.de\/aktions-dekore\">Aktions-Dekore<\/a><\/span>\n<br>\n<span style=\"color: #ffffff;\"><a style=\"color: #ffffff;\" title=\"H\u00e4ufige Fragen\" href=\"https:\/\/www.schrankplaner.de\/service\/faq\">H\u00e4ufige Fragen<\/a><\/span><\/p>\t\t\t\t\t\t\t\t<\/div>\n\t\t\t\t<\/div>\n\t\t\t\t\t<\/div>\n\t\t<\/div>\n\t\t\t\t<div class=\"elementor-column elementor-col-25 elementor-top-column elementor-element elementor-element-2d461792\" data-id=\"2d461792\" data-element_type=\"column\">\n\t\t\t<div class=\"elementor-widget-wrap elementor-element-populated\">\n\t\t\t\t\t\t<div class=\"elementor-element elementor-element-68b5de4e elementor-widget elementor-widget-global elementor-global-1271 elementor-widget-text-editor\" data-id=\"68b5de4e\" data-element_type=\"widget\" data-widget_type=\"text-editor.default\">\n\t\t\t\t<div class=\"elementor-widget-container\">\n\t\t\t\t\t\t\t\t\t<h4><span style=\"color: #ffffff;\"><em>Sicherheit<\/em><\/span><\/h4>\n<br>\n<p style=\"padding-left: 40px;\"><span style=\"color: #ffffff;\"><a style=\"color: #ffffff;\" title=\"5 Jahre Garantie\" href=\"https:\/\/www.schrankplaner.de\/5-jahre-garantie\">5 Jahre Garantie<\/a><\/span>\n<br>\n<span style=\"color: #ffffff;\"><a style=\"color: #ffffff;\" title=\"Zahlungsarten\" href=\"https:\/\/www.schrankplaner.de\/service\/zahlungsarten\">Zahlungsarten<\/a><\/span>\n<br>\n<span style=\"color: #ffffff;\"><a style=\"color: #ffffff;\" title=\"Kundenstimmen\" href=\"https:\/\/www.schrankplaner.de\/kundenstimmen\">Kundenstimmen<\/a><\/span>\n<br>\n<span style=\"color: #ffffff;\"><a style=\"color: #ffffff;\" title=\"Datenschutz\" href=\"https:\/\/www.schrankplaner.de\/datenschutz\">Datenschutz<\/a><\/span>\n<br>\n<a title=\"Ausgezeichnete Verarbeitung &amp; Teile\" href=\"https:\/\/www.schrankplaner.de\/qualitaet\"><span style=\"color: #ffffff;\">Ausgezeichnete Verarbeitung &amp; Teile<\/span><\/a><\/p>\t\t\t\t\t\t\t\t<\/div>\n\t\t\t\t<\/div>\n\t\t\t\t\t<\/div>\n\t\t<\/div>\n\t\t\t\t<div class=\"elementor-column elementor-col-25 elementor-top-column elementor-element elementor-element-25c271ef\" data-id=\"25c271ef\" data-element_type=\"column\">\n\t\t\t<div class=\"elementor-widget-wrap elementor-element-populated\">\n\t\t\t\t\t\t<div class=\"elementor-element elementor-element-38fd5931 elementor-widget elementor-widget-global elementor-global-1274 elementor-widget-text-editor\" data-id=\"38fd5931\" data-element_type=\"widget\" data-widget_type=\"text-editor.default\">\n\t\t\t\t<div class=\"elementor-widget-container\">\n\t\t\t\t\t\t\t\t\t<h4><span style=\"color: #ffffff;\"><em>Produkte<\/em><\/span><\/h4>\n<br>\n<p style=\"padding-left: 40px;\"><span style=\"color: #ffffff;\"><a style=\"color: #ffffff;\" title=\"Dachschr\u00e4genschrank\" href=\"https:\/\/www.schrankplaner.de\/dachschraegenschrank\" target=\"_self\">Dachschr\u00e4gen Schrank<\/a><\/span>\n<br>\n<span style=\"color: #ffffff;\"><a style=\"color: #ffffff;\" title=\"Kleiderschrank\" href=\"https:\/\/www.schrankplaner.de\/moebel-planen\/kleiderschrank\">Kleiderschrank<\/a><\/span>\n<br>\n<span style=\"color: #ffffff;\"><a style=\"color: #ffffff;\" title=\"Schwebet\u00fcrenschrank\" href=\"https:\/\/www.schrankplaner.de\/moebel-planen\/schwebetuerenschrank\">Schwebet\u00fcrenschrank<\/a><\/span>\n<br>\n<span style=\"color: #ffffff;\"><a style=\"color: #ffffff;\" title=\"Aktenschrank\" href=\"https:\/\/www.schrankplaner.de\/aktenschrank\">Aktenschrank<\/a><\/span>\n<br>\n<span style=\"color: #ffffff;\"><a style=\"color: #ffffff;\" title=\"Ankleide\" href=\"https:\/\/www.schrankplaner.de\/ankleide\">Ankleide<\/a><\/span>\n<br>\n<span style=\"color: #ffffff;\"><a style=\"color: #ffffff;\" title=\"Einbauschrank\" href=\"https:\/\/www.schrankplaner.de\/moebel-planen\/einbauschrank\">Einbauschrank<\/a><\/span>\n<br>\n<span style=\"color: #ffffff;\"><a style=\"color: #ffffff;\" title=\"Eckschrank\" href=\"https:\/\/www.schrankplaner.de\/moebel-planen\/eckschrank\">Eckschrank<\/a><\/span>\n<br>\n<span style=\"color: #ffffff;\"><a style=\"color: #ffffff;\" title=\"Regal\" href=\"https:\/\/www.schrankplaner.de\/moebel-planen\/regal\">Regal<\/a><\/span>\n<br>\n<span style=\"color: #ffffff;\"><a style=\"color: #ffffff;\" title=\"Schiebet\u00fcr\" href=\"https:\/\/www.schrankplaner.de\/moebel-planen\/schiebetuer\">Schiebet\u00fcr<\/a><\/span>\n<br>\n<span style=\"color: #ffffff;\"><a style=\"color: #ffffff;\" title=\"Sideboard\" href=\"https:\/\/www.schrankplaner.de\/moebel-planen\/sideboard\">Sideboard<\/a><\/span>\n<br>\n<span style=\"color: #ffffff;\"><a style=\"color: #ffffff;\" title=\"Kommode\" href=\"https:\/\/www.schrankplaner.de\/moebel-planen\/kommode\">Kommode<\/a><\/span>\n<br>\n<span style=\"color: #ffffff;\"><a style=\"color: #ffffff;\" title=\"H\u00e4ngeboard\" href=\"https:\/\/www.schrankplaner.de\/moebel-planen\/haengeboard\">H\u00e4ngeboard<\/a><\/span>\n<br>\n<a title=\"Tisch\" href=\"https:\/\/www.schrankplaner.de\/moebel-planen\/tisch-nach-mass\"><span style=\"color: #ffffff;\">Tisch<\/span><\/a><\/p>\t\t\t\t\t\t\t\t<\/div>\n\t\t\t\t<\/div>\n\t\t\t\t\t<\/div>\n\t\t<\/div>\n\t\t\t\t<div class=\"elementor-column elementor-col-25 elementor-top-column elementor-element elementor-element-3937d1f8\" data-id=\"3937d1f8\" data-element_type=\"column\">\n\t\t\t<div class=\"elementor-widget-wrap elementor-element-populated\">\n\t\t\t\t\t\t<div class=\"elementor-element elementor-element-355a85f0 elementor-widget elementor-widget-global elementor-global-1277 elementor-widget-text-editor\" data-id=\"355a85f0\" data-element_type=\"widget\" data-widget_type=\"text-editor.default\">\n\t\t\t\t<div class=\"elementor-widget-container\">\n\t\t\t\t\t\t\t\t\t<h4><span style=\"color: #ffffff;\"><em>Unternehmen<\/em><\/span><\/h4>\n<br>\n<p style=\"padding-left: 40px;\"><span style=\"color: #ffffff;\"><a style=\"color: #ffffff;\" title=\"Impressum\" href=\"https:\/\/www.schrankplaner.de\/impressum\">Impressum<\/a><\/span>\n<br>\n<span style=\"color: #ffffff;\"><a style=\"color: #ffffff;\" title=\"AGB\" href=\"https:\/\/www.schrankplaner.de\/agb\">AGB<\/a><\/span>\n<br>\n<span style=\"color: #ffffff;\"><a style=\"color: #ffffff;\" title=\"Kontakt\" href=\"https:\/\/www.schrankplaner.de\/kontakt\">Kontakt<\/a><\/span>\n<br>\n<span style=\"color: #ffffff;\"><a style=\"color: #ffffff;\" title=\"Das Schrankplaner System\" href=\"https:\/\/www.schrankplaner.de\/schrankplaner-system\">Das Schrankplaner System<\/a><\/span>\n<br>\n<span style=\"color: #ffffff;\"><a style=\"color: #ffffff;\" title=\"Schrankplaner im Tv\" href=\"https:\/\/www.schrankplaner.de\/schrankplaner-im-tv\">Schrankplaner im Tv<\/a><\/span>\n<br>\n<span style=\"color: #ffffff;\"><a style=\"color: #ffffff;\" title=\"Themen\u00fcbersicht\" href=\"https:\/\/www.schrankplaner.de\/sitemap\">Themen\u00fcbersicht<\/a><\/span>\n<br>\n<span style=\"color: #ffffff;\"><a style=\"color: #ffffff;\" title=\"Jobs\" href=\"https:\/\/www.schrankplaner.de\/jobs\">Jobs<\/a><\/span>\n<br>\n<span style=\"color: #ffffff;\"><a style=\"color: #ffffff;\" href=\"https:\/\/www.schrankplaner.de\/objekteinrichtung-nach-mass\">B2B Objekteinrichtung<\/a><\/span>\n<br>\n<a title=\"M\u00f6belteile f\u00fcr Tischler &amp; Schreiner nach Ma\u00df\" href=\"https:\/\/www.schrankplaner.de\/mobelfertigteile-fuer-schreiner-tischler-nach-mass\"><span style=\"color: #ffffff;\">M\u00f6belfertigteile f\u00fcr Schreiner<\/span><\/a><\/p>\t\t\t\t\t\t\t\t<\/div>\n\t\t\t\t<\/div>\n\t\t\t\t\t<\/div>\n\t\t<\/div>\n\t\t\t\t\t<\/div>\n\t\t<\/section>\n\t\t\t\t<section data-particle_enable=\"false\" data-particle-mobile-disabled=\"false\" class=\"elementor-section elementor-top-section elementor-element elementor-element-76453ac9 elementor-section-boxed elementor-section-height-default elementor-section-height-default\" data-id=\"76453ac9\" data-element_type=\"section\">\n\t\t\t\t\t\t<div class=\"elementor-container elementor-column-gap-default\">\n\t\t\t\t\t<div class=\"elementor-column elementor-col-100 elementor-top-column elementor-element elementor-element-1b950457\" data-id=\"1b950457\" data-element_type=\"column\">\n\t\t\t<div class=\"elementor-widget-wrap\">\n\t\t\t\t\t\t\t<\/div>\n\t\t<\/div>\n\t\t\t\t\t<\/div>\n\t\t<\/section>\n\t\t\t\t<section data-particle_enable=\"false\" data-particle-mobile-disabled=\"false\" class=\"elementor-section elementor-top-section elementor-element elementor-element-150a7db8 elementor-section-height-min-height elementor-section-content-middle elementor-hidden-desktop elementor-hidden-tablet elementor-section-boxed elementor-section-height-default elementor-section-items-middle\" data-id=\"150a7db8\" data-element_type=\"section\" data-settings=\"{&quot;background_background&quot;:&quot;classic&quot;,&quot;sticky&quot;:&quot;bottom&quot;,&quot;sticky_on&quot;:[&quot;mobile&quot;],&quot;sticky_offset&quot;:0,&quot;sticky_effects_offset&quot;:0,&quot;sticky_anchor_link_offset&quot;:0}\">\n\t\t\t\t\t\t<div class=\"elementor-container elementor-column-gap-no\">\n\t\t\t\t\t<div class=\"elementor-column elementor-col-100 elementor-top-column elementor-element elementor-element-1c954c26\" data-id=\"1c954c26\" data-element_type=\"column\">\n\t\t\t<div class=\"elementor-widget-wrap elementor-element-populated\">\n\t\t\t\t\t\t<div class=\"elementor-element elementor-element-64e3c8f1 elementor-widget elementor-widget-global elementor-global-1655 elementor-widget-image\" data-id=\"64e3c8f1\" data-element_type=\"widget\" data-widget_type=\"image.default\">\n\t\t\t\t<div class=\"elementor-widget-container\">\n\t\t\t\t\t\t\t\t\t\t\t\t\t\t\t\t<a href=\"https:\/\/www.schrankplaner.de\/service\/musterdekore\/\">\n\t\t\t\t\t\t\t<img loading=\"lazy\" decoding=\"async\" width=\"500\" height=\"147\" src=\"https:\/\/www.schrankplaner.de\/exklusiv\/wp-content\/uploads\/2020\/02\/Musterpaket_Mobile.png\" class=\"attachment-full size-full wp-image-1640\" alt=\"Musterpaket_Mobile\" srcset=\"https:\/\/www.schrankplaner.de\/exklusiv\/wp-content\/uploads\/2020\/02\/Musterpaket_Mobile.png 500w, https:\/\/www.schrankplaner.de\/exklusiv\/wp-content\/uploads\/2020\/02\/Musterpaket_Mobile-300x88.png 300w\" sizes=\"(max-width: 500px) 100vw, 500px\" \/>\t\t\t\t\t\t\t\t<\/a>\n\t\t\t\t\t\t\t\t\t\t\t\t\t\t\t<\/div>\n\t\t\t\t<\/div>\n\t\t\t\t\t<\/div>\n\t\t<\/div>\n\t\t\t\t\t<\/div>\n\t\t<\/section>\n\t\t\t\t<section data-particle_enable=\"false\" data-particle-mobile-disabled=\"false\" class=\"elementor-section elementor-top-section elementor-element elementor-element-276f6e2d elementor-section-height-min-height elementor-section-content-middle elementor-hidden-phone elementor-section-boxed elementor-section-height-default elementor-section-items-middle\" data-id=\"276f6e2d\" data-element_type=\"section\" data-settings=\"{&quot;background_background&quot;:&quot;classic&quot;,&quot;sticky&quot;:&quot;bottom&quot;,&quot;sticky_on&quot;:[&quot;desktop&quot;,&quot;tablet&quot;,&quot;mobile&quot;],&quot;sticky_offset&quot;:0,&quot;sticky_effects_offset&quot;:0,&quot;sticky_anchor_link_offset&quot;:0}\">\n\t\t\t\t\t\t<div class=\"elementor-container elementor-column-gap-no\">\n\t\t\t\t\t<div class=\"elementor-column elementor-col-16 elementor-top-column elementor-element elementor-element-59876ffe\" data-id=\"59876ffe\" data-element_type=\"column\">\n\t\t\t<div class=\"elementor-widget-wrap elementor-element-populated\">\n\t\t\t\t\t\t<div class=\"elementor-element elementor-element-6b4c1878 elementor-hidden-mobile elementor-widget elementor-widget-global elementor-global-1646 elementor-widget-image\" data-id=\"6b4c1878\" data-element_type=\"widget\" data-widget_type=\"image.default\">\n\t\t\t\t<div class=\"elementor-widget-container\">\n\t\t\t\t\t\t\t\t\t\t\t\t\t\t\t<img loading=\"lazy\" decoding=\"async\" width=\"454\" height=\"101\" src=\"https:\/\/www.schrankplaner.de\/exklusiv\/wp-content\/uploads\/2020\/02\/logo_hochwertige_m\u00f6bel_nach_ma\u00df.png\" class=\"attachment-full size-full wp-image-1486\" alt=\"hochwertige_m\u00f6bel_nach_ma\u00df\" srcset=\"https:\/\/www.schrankplaner.de\/exklusiv\/wp-content\/uploads\/2020\/02\/logo_hochwertige_m\u00f6bel_nach_ma\u00df.png 454w, https:\/\/www.schrankplaner.de\/exklusiv\/wp-content\/uploads\/2020\/02\/logo_hochwertige_m\u00f6bel_nach_ma\u00df-300x67.png 300w\" sizes=\"(max-width: 454px) 100vw, 454px\" \/>\t\t\t\t\t\t\t\t\t\t\t\t\t\t\t<\/div>\n\t\t\t\t<\/div>\n\t\t\t\t\t<\/div>\n\t\t<\/div>\n\t\t\t\t<div class=\"elementor-column elementor-col-66 elementor-top-column elementor-element elementor-element-20112d79 elementor-hidden-phone\" data-id=\"20112d79\" data-element_type=\"column\">\n\t\t\t<div class=\"elementor-widget-wrap elementor-element-populated\">\n\t\t\t\t\t\t<div class=\"elementor-element elementor-element-7615ff0b elementor-hidden-mobile elementor-position-top elementor-widget elementor-widget-global elementor-global-1649 elementor-widget-image-box\" data-id=\"7615ff0b\" data-element_type=\"widget\" data-widget_type=\"image-box.default\">\n\t\t\t\t<div class=\"elementor-widget-container\">\n\t\t\t\t\t<div class=\"elementor-image-box-wrapper\"><figure class=\"elementor-image-box-img\"><img loading=\"lazy\" decoding=\"async\" width=\"800\" height=\"114\" src=\"https:\/\/www.schrankplaner.de\/exklusiv\/wp-content\/uploads\/2020\/02\/Schraenke-wechseln.png\" class=\"elementor-animation-wobble-vertical attachment-full size-full wp-image-2621\" alt=\"Schraenke-wechseln\" srcset=\"https:\/\/www.schrankplaner.de\/exklusiv\/wp-content\/uploads\/2020\/02\/Schraenke-wechseln.png 800w, https:\/\/www.schrankplaner.de\/exklusiv\/wp-content\/uploads\/2020\/02\/Schraenke-wechseln-300x43.png 300w, https:\/\/www.schrankplaner.de\/exklusiv\/wp-content\/uploads\/2020\/02\/Schraenke-wechseln-768x109.png 768w\" sizes=\"(max-width: 800px) 100vw, 800px\" \/><\/figure><\/div>\t\t\t\t<\/div>\n\t\t\t\t<\/div>\n\t\t\t\t\t<\/div>\n\t\t<\/div>\n\t\t\t\t<div class=\"elementor-column elementor-col-16 elementor-top-column elementor-element elementor-element-7e6e3411\" data-id=\"7e6e3411\" data-element_type=\"column\">\n\t\t\t<div class=\"elementor-widget-wrap elementor-element-populated\">\n\t\t\t\t\t\t<div class=\"elementor-element elementor-element-3671a1a3 elementor-hidden-mobile elementor-widget elementor-widget-global elementor-global-1652 elementor-widget-image\" data-id=\"3671a1a3\" data-element_type=\"widget\" data-widget_type=\"image.default\">\n\t\t\t\t<div class=\"elementor-widget-container\">\n\t\t\t\t\t\t\t\t\t\t\t\t\t\t\t\t<a href=\"https:\/\/www.schrankplaner.de\/service\/musterdekore\/\">\n\t\t\t\t\t\t\t<img loading=\"lazy\" decoding=\"async\" width=\"300\" height=\"300\" src=\"https:\/\/www.schrankplaner.de\/exklusiv\/wp-content\/uploads\/2020\/02\/Musterpaket_V2.png\" class=\"elementor-animation-buzz-out attachment-full size-full wp-image-1463\" alt=\"Kostenloses Musterpaket\" srcset=\"https:\/\/www.schrankplaner.de\/exklusiv\/wp-content\/uploads\/2020\/02\/Musterpaket_V2.png 300w, https:\/\/www.schrankplaner.de\/exklusiv\/wp-content\/uploads\/2020\/02\/Musterpaket_V2-150x150.png 150w\" sizes=\"(max-width: 300px) 100vw, 300px\" \/>\t\t\t\t\t\t\t\t<\/a>\n\t\t\t\t\t\t\t\t\t\t\t\t\t\t\t<\/div>\n\t\t\t\t<\/div>\n\t\t\t\t\t<\/div>\n\t\t<\/div>\n\t\t\t\t\t<\/div>\n\t\t<\/section>\n\t\t\t\t<section data-particle_enable=\"false\" data-particle-mobile-disabled=\"false\" class=\"elementor-section elementor-top-section elementor-element elementor-element-42fcf3ca elementor-section-boxed elementor-section-height-default elementor-section-height-default\" data-id=\"42fcf3ca\" data-element_type=\"section\" data-settings=\"{&quot;background_background&quot;:&quot;classic&quot;}\">\n\t\t\t\t\t\t<div class=\"elementor-container elementor-column-gap-default\">\n\t\t\t\t\t<div class=\"elementor-column elementor-col-100 elementor-top-column elementor-element elementor-element-12f41ab4\" data-id=\"12f41ab4\" data-element_type=\"column\">\n\t\t\t<div class=\"elementor-widget-wrap elementor-element-populated\">\n\t\t\t\t\t\t<div class=\"elementor-element elementor-element-2e77ba4d elementor-widget elementor-widget-global elementor-global-1280 elementor-widget-text-editor\" data-id=\"2e77ba4d\" data-element_type=\"widget\" data-widget_type=\"text-editor.default\">\n\t\t\t\t<div class=\"elementor-widget-container\">\n\t\t\t\t\t\t\t\t\t<sub>\u00a9 2024 schrankplaner.de. All Rights Reserved.<\/sub>\t\t\t\t\t\t\t\t<\/div>\n\t\t\t\t<\/div>\n\t\t\t\t\t<\/div>\n\t\t<\/div>\n\t\t\t\t\t<\/div>\n\t\t<\/section>\n\t\t\t\t<\/div>\n\t\t","protected":false},"excerpt":{"rendered":"<p>\u25cf 2-Mann Lieferung \u25cf Made in Germany \u25cf 5 Jahre Garantie \u25cf 50.000 Schr\u00e4nke Erfahrung \u25cf 3 &#8211; 5 Wochen Lieferzeit oder Expresslieferung \u25cf Kundenurteil: sehr gut Einrichtungsideen Hier finden Sie alles Rund um das Thema Einrichtungsideen. G\u00e4stezimmer einrichten \u2013 Das darf nicht fehlen Wir zeigen Ihnen, wie Sie Ihr G\u00e4stezimmer einrichten k\u00f6nnen. Bieten&#8230; weiterlesen [&hellip;]<\/p>\n","protected":false},"author":2,"featured_media":0,"comment_status":"closed","ping_status":"open","sticky":false,"template":"elementor_canvas","format":"standard","meta":{"site-sidebar-layout":"default","site-content-layout":"default","ast-site-content-layout":"","site-content-style":"default","site-sidebar-style":"default","ast-global-header-display":"","ast-banner-title-visibility":"","ast-main-header-display":"","ast-hfb-above-header-display":"","ast-hfb-below-header-display":"","ast-hfb-mobile-header-display":"","site-post-title":"","ast-breadcrumbs-content":"","ast-featured-img":"","footer-sml-layout":"","theme-transparent-header-meta":"default","adv-header-id-meta":"","stick-header-meta":"","header-above-stick-meta":"","header-main-stick-meta":"","header-below-stick-meta":"","astra-migrate-meta-layouts":"default","ast-page-background-enabled":"default","ast-page-background-meta":{"desktop":{"background-color":"var(--ast-global-color-4)","background-image":"","background-repeat":"repeat","background-position":"center center","background-size":"auto","background-attachment":"scroll","background-type":"","background-media":"","overlay-type":"","overlay-color":"","overlay-opacity":"","overlay-gradient":""},"tablet":{"background-color":"","background-image":"","background-repeat":"repeat","background-position":"center center","background-size":"auto","background-attachment":"scroll","background-type":"","background-media":"","overlay-type":"","overlay-color":"","overlay-opacity":"","overlay-gradient":""},"mobile":{"background-color":"","background-image":"","background-repeat":"repeat","background-position":"center center","background-size":"auto","background-attachment":"scroll","background-type":"","background-media":"","overlay-type":"","overlay-color":"","overlay-opacity":"","overlay-gradient":""}},"ast-content-background-meta":{"desktop":{"background-color":"var(--ast-global-color-5)","background-image":"","background-repeat":"repeat","background-position":"center center","background-size":"auto","background-attachment":"scroll","background-type":"","background-media":"","overlay-type":"","overlay-color":"","overlay-opacity":"","overlay-gradient":""},"tablet":{"background-color":"var(--ast-global-color-5)","background-image":"","background-repeat":"repeat","background-position":"center center","background-size":"auto","background-attachment":"scroll","background-type":"","background-media":"","overlay-type":"","overlay-color":"","overlay-opacity":"","overlay-gradient":""},"mobile":{"background-color":"var(--ast-global-color-5)","background-image":"","background-repeat":"repeat","background-position":"center center","background-size":"auto","background-attachment":"scroll","background-type":"","background-media":"","overlay-type":"","overlay-color":"","overlay-opacity":"","overlay-gradient":""}},"footnotes":""},"categories":[81,56],"tags":[],"class_list":["post-3003","post","type-post","status-publish","format-standard","hentry","category-einrichtungsideen","category-themen"],"yoast_head":"<!-- This site is optimized with the Yoast SEO plugin v26.9 - https:\/\/yoast.com\/product\/yoast-seo-wordpress\/ -->\n<title>Einrichtungsideen | Schrankplaner Exklusiv<\/title>\n<meta name=\"robots\" content=\"index, follow, max-snippet:-1, max-image-preview:large, max-video-preview:-1\" \/>\n<link rel=\"canonical\" href=\"https:\/\/www.schrankplaner.de\/exklusiv\/einrichtungsideen\/\" \/>\n<meta property=\"og:locale\" content=\"de_DE\" \/>\n<meta property=\"og:type\" content=\"article\" \/>\n<meta property=\"og:title\" content=\"Einrichtungsideen | Schrankplaner Exklusiv\" \/>\n<meta property=\"og:description\" content=\"\u25cf 2-Mann Lieferung \u25cf Made in Germany \u25cf 5 Jahre Garantie \u25cf 50.000 Schr\u00e4nke Erfahrung \u25cf 3 &#8211; 5 Wochen Lieferzeit oder Expresslieferung \u25cf Kundenurteil: sehr gut Einrichtungsideen Hier finden Sie alles Rund um das Thema Einrichtungsideen. G\u00e4stezimmer einrichten \u2013 Das darf nicht fehlen Wir zeigen Ihnen, wie Sie Ihr G\u00e4stezimmer einrichten k\u00f6nnen. Bieten&#8230; weiterlesen [&hellip;]\" \/>\n<meta property=\"og:url\" content=\"https:\/\/www.schrankplaner.de\/exklusiv\/einrichtungsideen\/\" \/>\n<meta property=\"og:site_name\" content=\"Schrankplaner Exklusiv\" \/>\n<meta property=\"article:published_time\" content=\"2024-01-09T13:04:16+00:00\" \/>\n<meta property=\"article:modified_time\" content=\"2024-01-09T13:05:20+00:00\" \/>\n<meta property=\"og:image\" content=\"https:\/\/www.schrankplaner.de\/exklusiv\/wp-content\/uploads\/2020\/02\/tel.png\" \/>\n<meta name=\"author\" content=\"Paul\" \/>\n<meta name=\"twitter:card\" content=\"summary_large_image\" \/>\n<meta name=\"twitter:label1\" content=\"Geschrieben von\" \/>\n\t<meta name=\"twitter:data1\" content=\"Paul\" \/>\n<script type=\"application\/ld+json\" class=\"yoast-schema-graph\">{\"@context\":\"https:\/\/schema.org\",\"@graph\":[{\"@type\":\"Article\",\"@id\":\"https:\/\/www.schrankplaner.de\/exklusiv\/einrichtungsideen\/#article\",\"isPartOf\":{\"@id\":\"https:\/\/www.schrankplaner.de\/exklusiv\/einrichtungsideen\/\"},\"author\":{\"name\":\"Paul\",\"@id\":\"https:\/\/www.schrankplaner.de\/exklusiv\/#\/schema\/person\/6892ccd1b8543a2031229f3b609b5c31\"},\"headline\":\"Einrichtungsideen\",\"datePublished\":\"2024-01-09T13:04:16+00:00\",\"dateModified\":\"2024-01-09T13:05:20+00:00\",\"mainEntityOfPage\":{\"@id\":\"https:\/\/www.schrankplaner.de\/exklusiv\/einrichtungsideen\/\"},\"wordCount\":133,\"publisher\":{\"@id\":\"https:\/\/www.schrankplaner.de\/exklusiv\/#organization\"},\"image\":{\"@id\":\"https:\/\/www.schrankplaner.de\/exklusiv\/einrichtungsideen\/#primaryimage\"},\"thumbnailUrl\":\"https:\/\/www.schrankplaner.de\/exklusiv\/wp-content\/uploads\/2020\/02\/tel.png\",\"articleSection\":[\"Einrichtungsideen\",\"Themen\"],\"inLanguage\":\"de\"},{\"@type\":\"WebPage\",\"@id\":\"https:\/\/www.schrankplaner.de\/exklusiv\/einrichtungsideen\/\",\"url\":\"https:\/\/www.schrankplaner.de\/exklusiv\/einrichtungsideen\/\",\"name\":\"Einrichtungsideen | Schrankplaner Exklusiv\",\"isPartOf\":{\"@id\":\"https:\/\/www.schrankplaner.de\/exklusiv\/#website\"},\"primaryImageOfPage\":{\"@id\":\"https:\/\/www.schrankplaner.de\/exklusiv\/einrichtungsideen\/#primaryimage\"},\"image\":{\"@id\":\"https:\/\/www.schrankplaner.de\/exklusiv\/einrichtungsideen\/#primaryimage\"},\"thumbnailUrl\":\"https:\/\/www.schrankplaner.de\/exklusiv\/wp-content\/uploads\/2020\/02\/tel.png\",\"datePublished\":\"2024-01-09T13:04:16+00:00\",\"dateModified\":\"2024-01-09T13:05:20+00:00\",\"breadcrumb\":{\"@id\":\"https:\/\/www.schrankplaner.de\/exklusiv\/einrichtungsideen\/#breadcrumb\"},\"inLanguage\":\"de\",\"potentialAction\":[{\"@type\":\"ReadAction\",\"target\":[\"https:\/\/www.schrankplaner.de\/exklusiv\/einrichtungsideen\/\"]}]},{\"@type\":\"ImageObject\",\"inLanguage\":\"de\",\"@id\":\"https:\/\/www.schrankplaner.de\/exklusiv\/einrichtungsideen\/#primaryimage\",\"url\":\"https:\/\/www.schrankplaner.de\/exklusiv\/wp-content\/uploads\/2020\/02\/tel.png\",\"contentUrl\":\"https:\/\/www.schrankplaner.de\/exklusiv\/wp-content\/uploads\/2020\/02\/tel.png\",\"width\":178,\"height\":34,\"caption\":\"tel\"},{\"@type\":\"BreadcrumbList\",\"@id\":\"https:\/\/www.schrankplaner.de\/exklusiv\/einrichtungsideen\/#breadcrumb\",\"itemListElement\":[{\"@type\":\"ListItem\",\"position\":1,\"name\":\"Startseite\",\"item\":\"https:\/\/www.schrankplaner.de\/exklusiv\/\"},{\"@type\":\"ListItem\",\"position\":2,\"name\":\"Einrichtungsideen\"}]},{\"@type\":\"WebSite\",\"@id\":\"https:\/\/www.schrankplaner.de\/exklusiv\/#website\",\"url\":\"https:\/\/www.schrankplaner.de\/exklusiv\/\",\"name\":\"Schrankplaner Exklusiv\",\"description\":\"\",\"publisher\":{\"@id\":\"https:\/\/www.schrankplaner.de\/exklusiv\/#organization\"},\"potentialAction\":[{\"@type\":\"SearchAction\",\"target\":{\"@type\":\"EntryPoint\",\"urlTemplate\":\"https:\/\/www.schrankplaner.de\/exklusiv\/?s={search_term_string}\"},\"query-input\":{\"@type\":\"PropertyValueSpecification\",\"valueRequired\":true,\"valueName\":\"search_term_string\"}}],\"inLanguage\":\"de\"},{\"@type\":\"Organization\",\"@id\":\"https:\/\/www.schrankplaner.de\/exklusiv\/#organization\",\"name\":\"Schrankplaner Exklusiv\",\"url\":\"https:\/\/www.schrankplaner.de\/exklusiv\/\",\"logo\":{\"@type\":\"ImageObject\",\"inLanguage\":\"de\",\"@id\":\"https:\/\/www.schrankplaner.de\/exklusiv\/#\/schema\/logo\/image\/\",\"url\":\"https:\/\/www.schrankplaner.de\/exklusiv\/wp-content\/uploads\/2020\/02\/cropped-Logo-Schrankplaner-Exklusiv.png\",\"contentUrl\":\"https:\/\/www.schrankplaner.de\/exklusiv\/wp-content\/uploads\/2020\/02\/cropped-Logo-Schrankplaner-Exklusiv.png\",\"width\":61,\"height\":61,\"caption\":\"Schrankplaner Exklusiv\"},\"image\":{\"@id\":\"https:\/\/www.schrankplaner.de\/exklusiv\/#\/schema\/logo\/image\/\"}},{\"@type\":\"Person\",\"@id\":\"https:\/\/www.schrankplaner.de\/exklusiv\/#\/schema\/person\/6892ccd1b8543a2031229f3b609b5c31\",\"name\":\"Paul\"}]}<\/script>\n<!-- \/ Yoast SEO plugin. -->","yoast_head_json":{"title":"Einrichtungsideen | Schrankplaner Exklusiv","robots":{"index":"index","follow":"follow","max-snippet":"max-snippet:-1","max-image-preview":"max-image-preview:large","max-video-preview":"max-video-preview:-1"},"canonical":"https:\/\/www.schrankplaner.de\/exklusiv\/einrichtungsideen\/","og_locale":"de_DE","og_type":"article","og_title":"Einrichtungsideen | Schrankplaner Exklusiv","og_description":"\u25cf 2-Mann Lieferung \u25cf Made in Germany \u25cf 5 Jahre Garantie \u25cf 50.000 Schr\u00e4nke Erfahrung \u25cf 3 &#8211; 5 Wochen Lieferzeit oder Expresslieferung \u25cf Kundenurteil: sehr gut Einrichtungsideen Hier finden Sie alles Rund um das Thema Einrichtungsideen. G\u00e4stezimmer einrichten \u2013 Das darf nicht fehlen Wir zeigen Ihnen, wie Sie Ihr G\u00e4stezimmer einrichten k\u00f6nnen. Bieten&#8230; weiterlesen [&hellip;]","og_url":"https:\/\/www.schrankplaner.de\/exklusiv\/einrichtungsideen\/","og_site_name":"Schrankplaner Exklusiv","article_published_time":"2024-01-09T13:04:16+00:00","article_modified_time":"2024-01-09T13:05:20+00:00","og_image":[{"url":"https:\/\/www.schrankplaner.de\/exklusiv\/wp-content\/uploads\/2020\/02\/tel.png","type":"","width":"","height":""}],"author":"Paul","twitter_card":"summary_large_image","twitter_misc":{"Geschrieben von":"Paul"},"schema":{"@context":"https:\/\/schema.org","@graph":[{"@type":"Article","@id":"https:\/\/www.schrankplaner.de\/exklusiv\/einrichtungsideen\/#article","isPartOf":{"@id":"https:\/\/www.schrankplaner.de\/exklusiv\/einrichtungsideen\/"},"author":{"name":"Paul","@id":"https:\/\/www.schrankplaner.de\/exklusiv\/#\/schema\/person\/6892ccd1b8543a2031229f3b609b5c31"},"headline":"Einrichtungsideen","datePublished":"2024-01-09T13:04:16+00:00","dateModified":"2024-01-09T13:05:20+00:00","mainEntityOfPage":{"@id":"https:\/\/www.schrankplaner.de\/exklusiv\/einrichtungsideen\/"},"wordCount":133,"publisher":{"@id":"https:\/\/www.schrankplaner.de\/exklusiv\/#organization"},"image":{"@id":"https:\/\/www.schrankplaner.de\/exklusiv\/einrichtungsideen\/#primaryimage"},"thumbnailUrl":"https:\/\/www.schrankplaner.de\/exklusiv\/wp-content\/uploads\/2020\/02\/tel.png","articleSection":["Einrichtungsideen","Themen"],"inLanguage":"de"},{"@type":"WebPage","@id":"https:\/\/www.schrankplaner.de\/exklusiv\/einrichtungsideen\/","url":"https:\/\/www.schrankplaner.de\/exklusiv\/einrichtungsideen\/","name":"Einrichtungsideen | Schrankplaner Exklusiv","isPartOf":{"@id":"https:\/\/www.schrankplaner.de\/exklusiv\/#website"},"primaryImageOfPage":{"@id":"https:\/\/www.schrankplaner.de\/exklusiv\/einrichtungsideen\/#primaryimage"},"image":{"@id":"https:\/\/www.schrankplaner.de\/exklusiv\/einrichtungsideen\/#primaryimage"},"thumbnailUrl":"https:\/\/www.schrankplaner.de\/exklusiv\/wp-content\/uploads\/2020\/02\/tel.png","datePublished":"2024-01-09T13:04:16+00:00","dateModified":"2024-01-09T13:05:20+00:00","breadcrumb":{"@id":"https:\/\/www.schrankplaner.de\/exklusiv\/einrichtungsideen\/#breadcrumb"},"inLanguage":"de","potentialAction":[{"@type":"ReadAction","target":["https:\/\/www.schrankplaner.de\/exklusiv\/einrichtungsideen\/"]}]},{"@type":"ImageObject","inLanguage":"de","@id":"https:\/\/www.schrankplaner.de\/exklusiv\/einrichtungsideen\/#primaryimage","url":"https:\/\/www.schrankplaner.de\/exklusiv\/wp-content\/uploads\/2020\/02\/tel.png","contentUrl":"https:\/\/www.schrankplaner.de\/exklusiv\/wp-content\/uploads\/2020\/02\/tel.png","width":178,"height":34,"caption":"tel"},{"@type":"BreadcrumbList","@id":"https:\/\/www.schrankplaner.de\/exklusiv\/einrichtungsideen\/#breadcrumb","itemListElement":[{"@type":"ListItem","position":1,"name":"Startseite","item":"https:\/\/www.schrankplaner.de\/exklusiv\/"},{"@type":"ListItem","position":2,"name":"Einrichtungsideen"}]},{"@type":"WebSite","@id":"https:\/\/www.schrankplaner.de\/exklusiv\/#website","url":"https:\/\/www.schrankplaner.de\/exklusiv\/","name":"Schrankplaner Exklusiv","description":"","publisher":{"@id":"https:\/\/www.schrankplaner.de\/exklusiv\/#organization"},"potentialAction":[{"@type":"SearchAction","target":{"@type":"EntryPoint","urlTemplate":"https:\/\/www.schrankplaner.de\/exklusiv\/?s={search_term_string}"},"query-input":{"@type":"PropertyValueSpecification","valueRequired":true,"valueName":"search_term_string"}}],"inLanguage":"de"},{"@type":"Organization","@id":"https:\/\/www.schrankplaner.de\/exklusiv\/#organization","name":"Schrankplaner Exklusiv","url":"https:\/\/www.schrankplaner.de\/exklusiv\/","logo":{"@type":"ImageObject","inLanguage":"de","@id":"https:\/\/www.schrankplaner.de\/exklusiv\/#\/schema\/logo\/image\/","url":"https:\/\/www.schrankplaner.de\/exklusiv\/wp-content\/uploads\/2020\/02\/cropped-Logo-Schrankplaner-Exklusiv.png","contentUrl":"https:\/\/www.schrankplaner.de\/exklusiv\/wp-content\/uploads\/2020\/02\/cropped-Logo-Schrankplaner-Exklusiv.png","width":61,"height":61,"caption":"Schrankplaner Exklusiv"},"image":{"@id":"https:\/\/www.schrankplaner.de\/exklusiv\/#\/schema\/logo\/image\/"}},{"@type":"Person","@id":"https:\/\/www.schrankplaner.de\/exklusiv\/#\/schema\/person\/6892ccd1b8543a2031229f3b609b5c31","name":"Paul"}]}},"_links":{"self":[{"href":"https:\/\/www.schrankplaner.de\/exklusiv\/wp-json\/wp\/v2\/posts\/3003","targetHints":{"allow":["GET"]}}],"collection":[{"href":"https:\/\/www.schrankplaner.de\/exklusiv\/wp-json\/wp\/v2\/posts"}],"about":[{"href":"https:\/\/www.schrankplaner.de\/exklusiv\/wp-json\/wp\/v2\/types\/post"}],"author":[{"embeddable":true,"href":"https:\/\/www.schrankplaner.de\/exklusiv\/wp-json\/wp\/v2\/users\/2"}],"replies":[{"embeddable":true,"href":"https:\/\/www.schrankplaner.de\/exklusiv\/wp-json\/wp\/v2\/comments?post=3003"}],"version-history":[{"count":0,"href":"https:\/\/www.schrankplaner.de\/exklusiv\/wp-json\/wp\/v2\/posts\/3003\/revisions"}],"wp:attachment":[{"href":"https:\/\/www.schrankplaner.de\/exklusiv\/wp-json\/wp\/v2\/media?parent=3003"}],"wp:term":[{"taxonomy":"category","embeddable":true,"href":"https:\/\/www.schrankplaner.de\/exklusiv\/wp-json\/wp\/v2\/categories?post=3003"},{"taxonomy":"post_tag","embeddable":true,"href":"https:\/\/www.schrankplaner.de\/exklusiv\/wp-json\/wp\/v2\/tags?post=3003"}],"curies":[{"name":"wp","href":"https:\/\/api.w.org\/{rel}","templated":true}]}}