{"id":2880,"date":"2021-05-17T12:32:16","date_gmt":"2021-05-17T10:32:16","guid":{"rendered":"https:\/\/www.schrankplaner.de\/exklusiv\/?p=2880"},"modified":"2025-06-18T13:43:20","modified_gmt":"2025-06-18T11:43:20","slug":"kleiderschrank-winter-zu-sommer-umstellen-umraeumen-ausmisten","status":"publish","type":"post","link":"https:\/\/www.schrankplaner.de\/exklusiv\/kleiderschrank-winter-zu-sommer-umstellen-umraeumen-ausmisten\/","title":{"rendered":"Kleiderschrank von Winter auf Sommer umstellen, ausmisten, umr\u00e4umen"},"content":{"rendered":"\t\t<div data-elementor-type=\"wp-post\" data-elementor-id=\"2880\" class=\"elementor elementor-2880\" data-elementor-post-type=\"post\">\n\t\t\t\t\t\t<section data-particle_enable=\"false\" data-particle-mobile-disabled=\"false\" class=\"elementor-section elementor-top-section elementor-element elementor-element-32614f11 elementor-section-height-min-height elementor-section-items-bottom elementor-hidden-tablet elementor-hidden-phone elementor-section-boxed elementor-section-height-default elementor-invisible\" data-id=\"32614f11\" data-element_type=\"section\" data-settings=\"{&quot;background_background&quot;:&quot;classic&quot;,&quot;animation&quot;:&quot;pulse&quot;,&quot;animation_delay&quot;:500}\">\n\t\t\t\t\t\t<div class=\"elementor-container elementor-column-gap-no\">\n\t\t\t\t\t<div class=\"elementor-column elementor-col-100 elementor-top-column elementor-element elementor-element-1c665ae9\" data-id=\"1c665ae9\" data-element_type=\"column\">\n\t\t\t<div class=\"elementor-widget-wrap elementor-element-populated\">\n\t\t\t\t\t\t<div class=\"elementor-element elementor-element-0a1309f elementor-hidden-tablet elementor-hidden-mobile elementor-widget elementor-widget-global elementor-global-1227 elementor-widget-text-editor\" data-id=\"0a1309f\" data-element_type=\"widget\" data-widget_type=\"text-editor.default\">\n\t\t\t\t<div class=\"elementor-widget-container\">\n\t\t\t\t\t\t\t\t\t<table style=\"height: 10px; width: 100%; border-collapse: collapse; border-style: none;\">\n<tbody>\n<tr style=\"height: 10px; border-style: none;\">\n<td style=\"width: 11.2%; height: 10px; border-style: none;\"><sub><span style=\"color: #ff0000;\">\u25cf<\/span> 2-Mann Lieferung<\/sub><\/td>\n<td style=\"width: 11.3%; height: 10px; border-style: none;\"><sub><span style=\"color: #ff0000;\">\u25cf<\/span> Made in Germany<\/sub><\/td>\n<td style=\"width: 11.0%; height: 10px; border-style: none;\"><sub><span style=\"color: #ff0000;\">\u25cf<\/span> 5 Jahre Garantie<\/sub><\/td>\n<td style=\"width: 15.3919%; height: 10px; border-style: none;\"><sub><span style=\"color: #ff0000;\">\u25cf<\/span> 50.000 Schr\u00e4nke Erfahrung<\/sub><\/td>\n<td style=\"width: 23.7658%; height: 10px; border-style: none;\"><sub><span style=\"color: #ff0000;\">\u25cf<\/span> 3 &#8211; 5 Wochen Lieferzeit oder <a href=\"https:\/\/www.schrankplaner.de\/expresslieferung\">Expresslieferung<\/a><\/sub><\/td>\n<td style=\"width: 32.8088%; height: 10px; border-style: none;\"><sub><span style=\"color: #ff0000;\">\u25cf<\/span> Kundenurteil: sehr gut<\/sub><\/td>\n<\/tr>\n<\/tbody>\n<\/table>\t\t\t\t\t\t\t\t<\/div>\n\t\t\t\t<\/div>\n\t\t\t\t\t<\/div>\n\t\t<\/div>\n\t\t\t\t\t<\/div>\n\t\t<\/section>\n\t\t\t\t<section data-particle_enable=\"false\" data-particle-mobile-disabled=\"false\" class=\"elementor-section elementor-top-section elementor-element elementor-element-7bc3eeb8 elementor-section-boxed elementor-section-height-default elementor-section-height-default\" data-id=\"7bc3eeb8\" data-element_type=\"section\" data-settings=\"{&quot;background_background&quot;:&quot;classic&quot;}\">\n\t\t\t\t\t\t<div class=\"elementor-container elementor-column-gap-default\">\n\t\t\t\t\t<div class=\"elementor-column elementor-col-50 elementor-top-column elementor-element elementor-element-1e710108\" data-id=\"1e710108\" data-element_type=\"column\">\n\t\t\t<div class=\"elementor-widget-wrap elementor-element-populated\">\n\t\t\t\t\t\t<div class=\"elementor-element elementor-element-b0e86af elementor-widget elementor-widget-global elementor-global-1255 elementor-widget-theme-site-logo\" data-id=\"b0e86af\" data-element_type=\"widget\" data-widget_type=\"theme-site-logo.default\">\n\t\t\t\t<div class=\"elementor-widget-container\">\n\t\t\t\t\t\t\t\t\t\t\t<a href=\"https:\/\/www.schrankplaner.de\/exklusiv\/\">\n\t\t\t<img decoding=\"async\" width=\"61\" height=\"61\" src=\"https:\/\/www.schrankplaner.de\/exklusiv\/wp-content\/uploads\/2020\/02\/cropped-Logo-Schrankplaner-Exklusiv.png\" class=\"attachment-full size-full wp-image-1889\" alt=\"Logo\" \/>\t\t\t\t<\/a>\n\t\t\t\t\t\t\t\t\t\t\t<\/div>\n\t\t\t\t<\/div>\n\t\t\t\t\t<\/div>\n\t\t<\/div>\n\t\t\t\t<div class=\"elementor-column elementor-col-25 elementor-top-column elementor-element elementor-element-6e8c9f95\" data-id=\"6e8c9f95\" data-element_type=\"column\">\n\t\t\t<div class=\"elementor-widget-wrap elementor-element-populated\">\n\t\t\t\t\t\t<div class=\"elementor-element elementor-element-92f9429 elementor-hidden-tablet elementor-hidden-phone elementor-widget elementor-widget-global elementor-global-1258 elementor-widget-image\" data-id=\"92f9429\" data-element_type=\"widget\" data-widget_type=\"image.default\">\n\t\t\t\t<div class=\"elementor-widget-container\">\n\t\t\t\t\t\t\t\t\t\t\t\t\t\t\t<img decoding=\"async\" width=\"178\" height=\"34\" src=\"https:\/\/www.schrankplaner.de\/exklusiv\/wp-content\/uploads\/2020\/02\/tel.png\" class=\"attachment-full size-full wp-image-959\" alt=\"tel\" \/>\t\t\t\t\t\t\t\t\t\t\t\t\t\t\t<\/div>\n\t\t\t\t<\/div>\n\t\t\t\t\t<\/div>\n\t\t<\/div>\n\t\t\t\t<div class=\"elementor-column elementor-col-25 elementor-top-column elementor-element elementor-element-625c1b69\" data-id=\"625c1b69\" data-element_type=\"column\">\n\t\t\t<div class=\"elementor-widget-wrap elementor-element-populated\">\n\t\t\t\t\t\t<div class=\"elementor-element elementor-element-9595431 elementor-hidden-tablet elementor-hidden-phone elementor-widget elementor-widget-global elementor-global-1262 elementor-widget-image\" data-id=\"9595431\" data-element_type=\"widget\" data-widget_type=\"image.default\">\n\t\t\t\t<div class=\"elementor-widget-container\">\n\t\t\t\t\t\t\t\t\t\t\t\t\t\t\t\t<a href=\"https:\/\/www.schrankplaner.de\/aufmass-vor-ort-service\">\n\t\t\t\t\t\t\t<img decoding=\"async\" width=\"155\" height=\"34\" src=\"https:\/\/www.schrankplaner.de\/exklusiv\/wp-content\/uploads\/2020\/02\/Aufmass-1.png\" class=\"attachment-full size-full wp-image-958\" alt=\"Aufma\u00dfservice\" srcset=\"https:\/\/www.schrankplaner.de\/exklusiv\/wp-content\/uploads\/2020\/02\/Aufmass-1.png 155w, https:\/\/www.schrankplaner.de\/exklusiv\/wp-content\/uploads\/2020\/02\/Aufmass-1-150x34.png 150w\" sizes=\"(max-width: 155px) 100vw, 155px\" \/>\t\t\t\t\t\t\t\t<\/a>\n\t\t\t\t\t\t\t\t\t\t\t\t\t\t\t<\/div>\n\t\t\t\t<\/div>\n\t\t\t\t\t<\/div>\n\t\t<\/div>\n\t\t\t\t\t<\/div>\n\t\t<\/section>\n\t\t\t\t<section data-particle_enable=\"false\" data-particle-mobile-disabled=\"false\" class=\"elementor-section elementor-top-section elementor-element elementor-element-2fffd260 elementor-section-boxed elementor-section-height-default elementor-section-height-default\" data-id=\"2fffd260\" data-element_type=\"section\" data-settings=\"{&quot;background_background&quot;:&quot;classic&quot;}\">\n\t\t\t\t\t\t<div class=\"elementor-container elementor-column-gap-no\">\n\t\t\t\t\t<div class=\"elementor-column elementor-col-100 elementor-top-column elementor-element elementor-element-81b919b\" data-id=\"81b919b\" data-element_type=\"column\">\n\t\t\t<div class=\"elementor-widget-wrap elementor-element-populated\">\n\t\t\t\t\t\t<div class=\"elementor-element elementor-element-a756af0 elementor-nav-menu--dropdown-tablet elementor-nav-menu__text-align-aside elementor-nav-menu--toggle elementor-nav-menu--burger elementor-widget elementor-widget-global elementor-global-1265 elementor-widget-nav-menu\" data-id=\"a756af0\" data-element_type=\"widget\" data-settings=\"{&quot;submenu_icon&quot;:{&quot;value&quot;:&quot;fas e-plus-icon&quot;,&quot;library&quot;:&quot;&quot;},&quot;layout&quot;:&quot;horizontal&quot;,&quot;toggle&quot;:&quot;burger&quot;}\" data-widget_type=\"nav-menu.default\">\n\t\t\t\t<div class=\"elementor-widget-container\">\n\t\t\t\t\t\t\t\t<nav aria-label=\"Men\u00fc\" class=\"elementor-nav-menu--main elementor-nav-menu__container elementor-nav-menu--layout-horizontal e--pointer-none\">\n\t\t\t\t<ul id=\"menu-1-a756af0\" class=\"elementor-nav-menu\"><li class=\"menu-item menu-item-type-post_type menu-item-object-post menu-item-has-children menu-item-1790\"><a aria-expanded=\"false\" href=\"https:\/\/www.schrankplaner.de\/exklusiv\/themen\/\" class=\"elementor-item menu-link\">Themen<span role=\"application\" class=\"dropdown-menu-toggle ast-header-navigation-arrow\" tabindex=\"0\" aria-expanded=\"false\" aria-label=\"Men\u00fc umschalten\" ><span class=\"ast-icon icon-arrow\"><svg class=\"ast-arrow-svg\" xmlns=\"http:\/\/www.w3.org\/2000\/svg\" xmlns:xlink=\"http:\/\/www.w3.org\/1999\/xlink\" version=\"1.1\" x=\"0px\" y=\"0px\" width=\"26px\" height=\"16.043px\" viewBox=\"57 35.171 26 16.043\" enable-background=\"new 57 35.171 26 16.043\" xml:space=\"preserve\">\n                <path d=\"M57.5,38.193l12.5,12.5l12.5-12.5l-2.5-2.5l-10,10l-10-10L57.5,38.193z\"\/>\n                <\/svg><\/span><\/span><\/a>\n<ul class=\"sub-menu elementor-nav-menu--dropdown\">\n\t<li class=\"menu-item menu-item-type-post_type menu-item-object-post menu-item-1791\"><a href=\"https:\/\/www.schrankplaner.de\/exklusiv\/schrank-planen-aufbauen\/\" class=\"elementor-sub-item menu-link\"><span class=\"ast-icon icon-arrow\"><svg class=\"ast-arrow-svg\" xmlns=\"http:\/\/www.w3.org\/2000\/svg\" xmlns:xlink=\"http:\/\/www.w3.org\/1999\/xlink\" version=\"1.1\" x=\"0px\" y=\"0px\" width=\"26px\" height=\"16.043px\" viewBox=\"57 35.171 26 16.043\" enable-background=\"new 57 35.171 26 16.043\" xml:space=\"preserve\">\n                <path d=\"M57.5,38.193l12.5,12.5l12.5-12.5l-2.5-2.5l-10,10l-10-10L57.5,38.193z\"\/>\n                <\/svg><\/span>Schrank Planen &#038; Aufbauen<\/a><\/li>\n\t<li class=\"menu-item menu-item-type-post_type menu-item-object-post menu-item-1794\"><a href=\"https:\/\/www.schrankplaner.de\/exklusiv\/ordnung-im-schrank\/\" class=\"elementor-sub-item menu-link\"><span class=\"ast-icon icon-arrow\"><svg class=\"ast-arrow-svg\" xmlns=\"http:\/\/www.w3.org\/2000\/svg\" xmlns:xlink=\"http:\/\/www.w3.org\/1999\/xlink\" version=\"1.1\" x=\"0px\" y=\"0px\" width=\"26px\" height=\"16.043px\" viewBox=\"57 35.171 26 16.043\" enable-background=\"new 57 35.171 26 16.043\" xml:space=\"preserve\">\n                <path d=\"M57.5,38.193l12.5,12.5l12.5-12.5l-2.5-2.5l-10,10l-10-10L57.5,38.193z\"\/>\n                <\/svg><\/span>Ordnung im Schrank<\/a><\/li>\n\t<li class=\"menu-item menu-item-type-post_type menu-item-object-post menu-item-2817\"><a href=\"https:\/\/www.schrankplaner.de\/exklusiv\/aktuelle-schrank-trends\/\" class=\"elementor-sub-item menu-link\"><span class=\"ast-icon icon-arrow\"><svg class=\"ast-arrow-svg\" xmlns=\"http:\/\/www.w3.org\/2000\/svg\" xmlns:xlink=\"http:\/\/www.w3.org\/1999\/xlink\" version=\"1.1\" x=\"0px\" y=\"0px\" width=\"26px\" height=\"16.043px\" viewBox=\"57 35.171 26 16.043\" enable-background=\"new 57 35.171 26 16.043\" xml:space=\"preserve\">\n                <path d=\"M57.5,38.193l12.5,12.5l12.5-12.5l-2.5-2.5l-10,10l-10-10L57.5,38.193z\"\/>\n                <\/svg><\/span>Aktuelle Schrank Trends<\/a><\/li>\n\t<li class=\"menu-item menu-item-type-post_type menu-item-object-post menu-item-3006\"><a href=\"https:\/\/www.schrankplaner.de\/exklusiv\/einrichtungsideen\/\" class=\"elementor-sub-item menu-link\"><span class=\"ast-icon icon-arrow\"><svg class=\"ast-arrow-svg\" xmlns=\"http:\/\/www.w3.org\/2000\/svg\" xmlns:xlink=\"http:\/\/www.w3.org\/1999\/xlink\" version=\"1.1\" x=\"0px\" y=\"0px\" width=\"26px\" height=\"16.043px\" viewBox=\"57 35.171 26 16.043\" enable-background=\"new 57 35.171 26 16.043\" xml:space=\"preserve\">\n                <path d=\"M57.5,38.193l12.5,12.5l12.5-12.5l-2.5-2.5l-10,10l-10-10L57.5,38.193z\"\/>\n                <\/svg><\/span>Einrichtungsideen<\/a><\/li>\n<\/ul>\n<\/li>\n<li class=\"menu-item menu-item-type-custom menu-item-object-custom menu-item-929\"><a href=\"https:\/\/www.schrankplaner.de\" class=\"elementor-item menu-link\">Shop<\/a><\/li>\n<li class=\"menu-item menu-item-type-post_type menu-item-object-page menu-item-privacy-policy menu-item-3021\"><a rel=\"privacy-policy\" href=\"https:\/\/www.schrankplaner.de\/exklusiv\/datenschutzerklaerung\/\" class=\"elementor-item menu-link\">Datenschutz<\/a><\/li>\n<li class=\"menu-item menu-item-type-post_type menu-item-object-page menu-item-934\"><a href=\"https:\/\/www.schrankplaner.de\/exklusiv\/kontakt\/\" class=\"elementor-item menu-link\">Kontakt<\/a><\/li>\n<li class=\"menu-item menu-item-type-post_type menu-item-object-page menu-item-935\"><a href=\"https:\/\/www.schrankplaner.de\/exklusiv\/impressum\/\" class=\"elementor-item menu-link\">Impressum<\/a><\/li>\n<\/ul>\t\t\t<\/nav>\n\t\t\t\t\t<div class=\"elementor-menu-toggle\" role=\"button\" tabindex=\"0\" aria-label=\"Menu Toggle\" aria-expanded=\"false\">\n\t\t\t<i aria-hidden=\"true\" role=\"presentation\" class=\"elementor-menu-toggle__icon--open eicon-menu-bar\"><\/i><i aria-hidden=\"true\" role=\"presentation\" class=\"elementor-menu-toggle__icon--close eicon-close\"><\/i>\t\t<\/div>\n\t\t\t\t\t<nav class=\"elementor-nav-menu--dropdown elementor-nav-menu__container\" aria-hidden=\"true\">\n\t\t\t\t<ul id=\"menu-2-a756af0\" class=\"elementor-nav-menu\"><li class=\"menu-item menu-item-type-post_type menu-item-object-post menu-item-has-children menu-item-1790\"><a aria-expanded=\"false\" href=\"https:\/\/www.schrankplaner.de\/exklusiv\/themen\/\" class=\"elementor-item menu-link\" tabindex=\"-1\">Themen<span role=\"application\" class=\"dropdown-menu-toggle ast-header-navigation-arrow\" tabindex=\"0\" aria-expanded=\"false\" aria-label=\"Men\u00fc umschalten\" ><span class=\"ast-icon icon-arrow\"><svg class=\"ast-arrow-svg\" xmlns=\"http:\/\/www.w3.org\/2000\/svg\" xmlns:xlink=\"http:\/\/www.w3.org\/1999\/xlink\" version=\"1.1\" x=\"0px\" y=\"0px\" width=\"26px\" height=\"16.043px\" viewBox=\"57 35.171 26 16.043\" enable-background=\"new 57 35.171 26 16.043\" xml:space=\"preserve\">\n                <path d=\"M57.5,38.193l12.5,12.5l12.5-12.5l-2.5-2.5l-10,10l-10-10L57.5,38.193z\"\/>\n                <\/svg><\/span><\/span><\/a>\n<ul class=\"sub-menu elementor-nav-menu--dropdown\">\n\t<li class=\"menu-item menu-item-type-post_type menu-item-object-post menu-item-1791\"><a href=\"https:\/\/www.schrankplaner.de\/exklusiv\/schrank-planen-aufbauen\/\" class=\"elementor-sub-item menu-link\" tabindex=\"-1\"><span class=\"ast-icon icon-arrow\"><svg class=\"ast-arrow-svg\" xmlns=\"http:\/\/www.w3.org\/2000\/svg\" xmlns:xlink=\"http:\/\/www.w3.org\/1999\/xlink\" version=\"1.1\" x=\"0px\" y=\"0px\" width=\"26px\" height=\"16.043px\" viewBox=\"57 35.171 26 16.043\" enable-background=\"new 57 35.171 26 16.043\" xml:space=\"preserve\">\n                <path d=\"M57.5,38.193l12.5,12.5l12.5-12.5l-2.5-2.5l-10,10l-10-10L57.5,38.193z\"\/>\n                <\/svg><\/span>Schrank Planen &#038; Aufbauen<\/a><\/li>\n\t<li class=\"menu-item menu-item-type-post_type menu-item-object-post menu-item-1794\"><a href=\"https:\/\/www.schrankplaner.de\/exklusiv\/ordnung-im-schrank\/\" class=\"elementor-sub-item menu-link\" tabindex=\"-1\"><span class=\"ast-icon icon-arrow\"><svg class=\"ast-arrow-svg\" xmlns=\"http:\/\/www.w3.org\/2000\/svg\" xmlns:xlink=\"http:\/\/www.w3.org\/1999\/xlink\" version=\"1.1\" x=\"0px\" y=\"0px\" width=\"26px\" height=\"16.043px\" viewBox=\"57 35.171 26 16.043\" enable-background=\"new 57 35.171 26 16.043\" xml:space=\"preserve\">\n                <path d=\"M57.5,38.193l12.5,12.5l12.5-12.5l-2.5-2.5l-10,10l-10-10L57.5,38.193z\"\/>\n                <\/svg><\/span>Ordnung im Schrank<\/a><\/li>\n\t<li class=\"menu-item menu-item-type-post_type menu-item-object-post menu-item-2817\"><a href=\"https:\/\/www.schrankplaner.de\/exklusiv\/aktuelle-schrank-trends\/\" class=\"elementor-sub-item menu-link\" tabindex=\"-1\"><span class=\"ast-icon icon-arrow\"><svg class=\"ast-arrow-svg\" xmlns=\"http:\/\/www.w3.org\/2000\/svg\" xmlns:xlink=\"http:\/\/www.w3.org\/1999\/xlink\" version=\"1.1\" x=\"0px\" y=\"0px\" width=\"26px\" height=\"16.043px\" viewBox=\"57 35.171 26 16.043\" enable-background=\"new 57 35.171 26 16.043\" xml:space=\"preserve\">\n                <path d=\"M57.5,38.193l12.5,12.5l12.5-12.5l-2.5-2.5l-10,10l-10-10L57.5,38.193z\"\/>\n                <\/svg><\/span>Aktuelle Schrank Trends<\/a><\/li>\n\t<li class=\"menu-item menu-item-type-post_type menu-item-object-post menu-item-3006\"><a href=\"https:\/\/www.schrankplaner.de\/exklusiv\/einrichtungsideen\/\" class=\"elementor-sub-item menu-link\" tabindex=\"-1\"><span class=\"ast-icon icon-arrow\"><svg class=\"ast-arrow-svg\" xmlns=\"http:\/\/www.w3.org\/2000\/svg\" xmlns:xlink=\"http:\/\/www.w3.org\/1999\/xlink\" version=\"1.1\" x=\"0px\" y=\"0px\" width=\"26px\" height=\"16.043px\" viewBox=\"57 35.171 26 16.043\" enable-background=\"new 57 35.171 26 16.043\" xml:space=\"preserve\">\n                <path d=\"M57.5,38.193l12.5,12.5l12.5-12.5l-2.5-2.5l-10,10l-10-10L57.5,38.193z\"\/>\n                <\/svg><\/span>Einrichtungsideen<\/a><\/li>\n<\/ul>\n<\/li>\n<li class=\"menu-item menu-item-type-custom menu-item-object-custom menu-item-929\"><a href=\"https:\/\/www.schrankplaner.de\" class=\"elementor-item menu-link\" tabindex=\"-1\">Shop<\/a><\/li>\n<li class=\"menu-item menu-item-type-post_type menu-item-object-page menu-item-privacy-policy menu-item-3021\"><a rel=\"privacy-policy\" href=\"https:\/\/www.schrankplaner.de\/exklusiv\/datenschutzerklaerung\/\" class=\"elementor-item menu-link\" tabindex=\"-1\">Datenschutz<\/a><\/li>\n<li class=\"menu-item menu-item-type-post_type menu-item-object-page menu-item-934\"><a href=\"https:\/\/www.schrankplaner.de\/exklusiv\/kontakt\/\" class=\"elementor-item menu-link\" tabindex=\"-1\">Kontakt<\/a><\/li>\n<li class=\"menu-item menu-item-type-post_type menu-item-object-page menu-item-935\"><a href=\"https:\/\/www.schrankplaner.de\/exklusiv\/impressum\/\" class=\"elementor-item menu-link\" tabindex=\"-1\">Impressum<\/a><\/li>\n<\/ul>\t\t\t<\/nav>\n\t\t\t\t\t\t<\/div>\n\t\t\t\t<\/div>\n\t\t\t\t\t<\/div>\n\t\t<\/div>\n\t\t\t\t\t<\/div>\n\t\t<\/section>\n\t\t\t\t<section data-particle_enable=\"false\" data-particle-mobile-disabled=\"false\" class=\"elementor-section elementor-top-section elementor-element elementor-element-96fb1a3 elementor-hidden-desktop elementor-section-boxed elementor-section-height-default elementor-section-height-default\" data-id=\"96fb1a3\" data-element_type=\"section\">\n\t\t\t\t\t\t<div class=\"elementor-container elementor-column-gap-default\">\n\t\t\t\t\t<div class=\"elementor-column elementor-col-100 elementor-top-column elementor-element elementor-element-23e838e\" data-id=\"23e838e\" data-element_type=\"column\">\n\t\t\t<div class=\"elementor-widget-wrap elementor-element-populated\">\n\t\t\t\t\t\t<div class=\"elementor-element elementor-element-348ea2c elementor-widget elementor-widget-image\" data-id=\"348ea2c\" data-element_type=\"widget\" data-widget_type=\"image.default\">\n\t\t\t\t<div class=\"elementor-widget-container\">\n\t\t\t\t\t\t\t\t\t\t\t\t\t\t\t<img loading=\"lazy\" decoding=\"async\" width=\"640\" height=\"384\" src=\"https:\/\/www.schrankplaner.de\/exklusiv\/wp-content\/uploads\/2021\/05\/Kleiderschrank_auf_Sommer_umstellen_Slider_responsiv.jpg\" class=\"attachment-full size-full wp-image-2887\" alt=\"Kleiderschrank auf Sommer umstellen, umr\u00e4umen, ausmisten\" srcset=\"https:\/\/www.schrankplaner.de\/exklusiv\/wp-content\/uploads\/2021\/05\/Kleiderschrank_auf_Sommer_umstellen_Slider_responsiv.jpg 640w, https:\/\/www.schrankplaner.de\/exklusiv\/wp-content\/uploads\/2021\/05\/Kleiderschrank_auf_Sommer_umstellen_Slider_responsiv-300x180.jpg 300w\" sizes=\"(max-width: 640px) 100vw, 640px\" \/>\t\t\t\t\t\t\t\t\t\t\t\t\t\t\t<\/div>\n\t\t\t\t<\/div>\n\t\t\t\t\t<\/div>\n\t\t<\/div>\n\t\t\t\t\t<\/div>\n\t\t<\/section>\n\t\t\t\t<section data-particle_enable=\"false\" data-particle-mobile-disabled=\"false\" class=\"elementor-section elementor-top-section elementor-element elementor-element-515bc998 elementor-section-full_width elementor-hidden-tablet elementor-hidden-mobile elementor-section-height-default elementor-section-height-default\" data-id=\"515bc998\" data-element_type=\"section\">\n\t\t\t\t\t\t<div class=\"elementor-container elementor-column-gap-no\">\n\t\t\t\t\t<div class=\"elementor-column elementor-col-100 elementor-top-column elementor-element elementor-element-4f45f7e8\" data-id=\"4f45f7e8\" data-element_type=\"column\">\n\t\t\t<div class=\"elementor-widget-wrap elementor-element-populated\">\n\t\t\t\t\t\t<div class=\"elementor-element elementor-element-fb0355 elementor--h-position-center elementor--v-position-middle elementor-arrows-position-inside elementor-pagination-position-inside elementor-widget elementor-widget-slides\" data-id=\"fb0355\" data-element_type=\"widget\" data-settings=\"{&quot;navigation&quot;:&quot;both&quot;,&quot;autoplay&quot;:&quot;yes&quot;,&quot;pause_on_hover&quot;:&quot;yes&quot;,&quot;pause_on_interaction&quot;:&quot;yes&quot;,&quot;autoplay_speed&quot;:5000,&quot;infinite&quot;:&quot;yes&quot;,&quot;transition&quot;:&quot;slide&quot;,&quot;transition_speed&quot;:500}\" data-widget_type=\"slides.default\">\n\t\t\t\t<div class=\"elementor-widget-container\">\n\t\t\t\t\t\t\t\t\t<div class=\"elementor-swiper\">\n\t\t\t\t\t<div class=\"elementor-slides-wrapper elementor-main-swiper swiper\" role=\"region\" aria-roledescription=\"carousel\" aria-label=\"Slider\" dir=\"ltr\" data-animation=\"fadeInUp\">\n\t\t\t\t<div class=\"swiper-wrapper elementor-slides\">\n\t\t\t\t\t\t\t\t\t\t<div class=\"elementor-repeater-item-3630546 swiper-slide\" role=\"group\" aria-roledescription=\"slide\"><div class=\"swiper-slide-bg\" role=\"img\" aria-label=\"Kleiderschrank auf Sommer umstellen, einr\u00e4umen, ausmisten\"><\/div><div class=\"swiper-slide-inner\" ><div class=\"swiper-slide-contents\"><\/div><\/div><\/div>\t\t\t\t<\/div>\n\t\t\t\t\t\t\t<\/div>\n\t\t\t\t<\/div>\n\t\t\t\t\t\t\t\t<\/div>\n\t\t\t\t<\/div>\n\t\t\t\t\t<\/div>\n\t\t<\/div>\n\t\t\t\t\t<\/div>\n\t\t<\/section>\n\t\t\t\t<section data-particle_enable=\"false\" data-particle-mobile-disabled=\"false\" class=\"elementor-section elementor-top-section elementor-element elementor-element-1c05533 elementor-section-boxed elementor-section-height-default elementor-section-height-default\" data-id=\"1c05533\" data-element_type=\"section\">\n\t\t\t\t\t\t<div class=\"elementor-container elementor-column-gap-default\">\n\t\t\t\t\t<div class=\"elementor-column elementor-col-100 elementor-top-column elementor-element elementor-element-f7501f1\" data-id=\"f7501f1\" data-element_type=\"column\">\n\t\t\t<div class=\"elementor-widget-wrap elementor-element-populated\">\n\t\t\t\t\t\t<div class=\"elementor-element elementor-element-3f82e2e elementor-widget elementor-widget-heading\" data-id=\"3f82e2e\" data-element_type=\"widget\" data-widget_type=\"heading.default\">\n\t\t\t\t<div class=\"elementor-widget-container\">\n\t\t\t\t\t<h1 class=\"elementor-heading-title elementor-size-large\">Den Kleiderschrank auf Sommer umstellen \u2013 ausmisten, umr\u00e4umen und mottensicher machen!<\/h1>\t\t\t\t<\/div>\n\t\t\t\t<\/div>\n\t\t\t\t\t<\/div>\n\t\t<\/div>\n\t\t\t\t\t<\/div>\n\t\t<\/section>\n\t\t\t\t<section data-particle_enable=\"false\" data-particle-mobile-disabled=\"false\" class=\"elementor-section elementor-top-section elementor-element elementor-element-4aedc00 elementor-section-boxed elementor-section-height-default elementor-section-height-default\" data-id=\"4aedc00\" data-element_type=\"section\">\n\t\t\t\t\t\t<div class=\"elementor-container elementor-column-gap-default\">\n\t\t\t\t\t<div class=\"elementor-column elementor-col-100 elementor-top-column elementor-element elementor-element-0005269\" data-id=\"0005269\" data-element_type=\"column\">\n\t\t\t<div class=\"elementor-widget-wrap elementor-element-populated\">\n\t\t\t\t\t\t<div class=\"elementor-element elementor-element-b520fed elementor-widget elementor-widget-text-editor\" data-id=\"b520fed\" data-element_type=\"widget\" data-widget_type=\"text-editor.default\">\n\t\t\t\t<div class=\"elementor-widget-container\">\n\t\t\t\t\t\t\t\t\t<p>Mit dem Wechsel der Temperaturen von klirrend kalt zu angenehm warm freuen die meisten sich darauf, endlich ihren Kleiderschrank ausmisten zu k\u00f6nnen. Doch worauf sollte man dabei achten, was passiert mit den Winterkleidern und wie sorgt man f\u00fcr eine mottensichere Aufbewahrung von Kleidung?<\/p><p>Wir gehen auf diese Punkte in unserem Blogartikel ein.<\/p>\t\t\t\t\t\t\t\t<\/div>\n\t\t\t\t<\/div>\n\t\t\t\t\t<\/div>\n\t\t<\/div>\n\t\t\t\t\t<\/div>\n\t\t<\/section>\n\t\t\t\t<section data-particle_enable=\"false\" data-particle-mobile-disabled=\"false\" class=\"elementor-section elementor-top-section elementor-element elementor-element-806d202 elementor-section-boxed elementor-section-height-default elementor-section-height-default\" data-id=\"806d202\" data-element_type=\"section\" data-settings=\"{&quot;background_background&quot;:&quot;classic&quot;}\">\n\t\t\t\t\t\t<div class=\"elementor-container elementor-column-gap-default\">\n\t\t\t\t\t<div class=\"elementor-column elementor-col-100 elementor-top-column elementor-element elementor-element-d63226f\" data-id=\"d63226f\" data-element_type=\"column\">\n\t\t\t<div class=\"elementor-widget-wrap elementor-element-populated\">\n\t\t\t\t\t\t<div class=\"elementor-element elementor-element-6f6c6ed elementor-invisible elementor-widget elementor-widget-heading\" data-id=\"6f6c6ed\" data-element_type=\"widget\" data-settings=\"{&quot;_animation&quot;:&quot;fadeInUp&quot;,&quot;_animation_delay&quot;:600}\" data-widget_type=\"heading.default\">\n\t\t\t\t<div class=\"elementor-widget-container\">\n\t\t\t\t\t<h2 class=\"elementor-heading-title elementor-size-default\">Vor dem neuen Einr\u00e4umen: Erstmal den Kleiderschrank ausmisten!<\/h2>\t\t\t\t<\/div>\n\t\t\t\t<\/div>\n\t\t\t\t\t<\/div>\n\t\t<\/div>\n\t\t\t\t\t<\/div>\n\t\t<\/section>\n\t\t\t\t<section data-particle_enable=\"false\" data-particle-mobile-disabled=\"false\" class=\"elementor-section elementor-top-section elementor-element elementor-element-1453b95 elementor-section-boxed elementor-section-height-default elementor-section-height-default\" data-id=\"1453b95\" data-element_type=\"section\" data-settings=\"{&quot;background_background&quot;:&quot;classic&quot;}\">\n\t\t\t\t\t\t<div class=\"elementor-container elementor-column-gap-default\">\n\t\t\t\t\t<div class=\"elementor-column elementor-col-50 elementor-top-column elementor-element elementor-element-d3459f3\" data-id=\"d3459f3\" data-element_type=\"column\">\n\t\t\t<div class=\"elementor-widget-wrap elementor-element-populated\">\n\t\t\t\t\t\t<div class=\"elementor-element elementor-element-7e04c53 elementor-widget elementor-widget-image\" data-id=\"7e04c53\" data-element_type=\"widget\" data-widget_type=\"image.default\">\n\t\t\t\t<div class=\"elementor-widget-container\">\n\t\t\t\t\t\t\t\t\t\t\t\t\t\t\t<img loading=\"lazy\" decoding=\"async\" width=\"1000\" height=\"1000\" src=\"https:\/\/www.schrankplaner.de\/exklusiv\/wp-content\/uploads\/2021\/05\/Kleiderschrank_ausmisten.jpg\" class=\"attachment-full size-full wp-image-2889\" alt=\"Kleiderschrank ausmisten\" srcset=\"https:\/\/www.schrankplaner.de\/exklusiv\/wp-content\/uploads\/2021\/05\/Kleiderschrank_ausmisten.jpg 1000w, https:\/\/www.schrankplaner.de\/exklusiv\/wp-content\/uploads\/2021\/05\/Kleiderschrank_ausmisten-300x300.jpg 300w, https:\/\/www.schrankplaner.de\/exklusiv\/wp-content\/uploads\/2021\/05\/Kleiderschrank_ausmisten-150x150.jpg 150w, https:\/\/www.schrankplaner.de\/exklusiv\/wp-content\/uploads\/2021\/05\/Kleiderschrank_ausmisten-768x768.jpg 768w\" sizes=\"(max-width: 1000px) 100vw, 1000px\" \/>\t\t\t\t\t\t\t\t\t\t\t\t\t\t\t<\/div>\n\t\t\t\t<\/div>\n\t\t\t\t\t<\/div>\n\t\t<\/div>\n\t\t\t\t<div class=\"elementor-column elementor-col-50 elementor-top-column elementor-element elementor-element-ef52757\" data-id=\"ef52757\" data-element_type=\"column\">\n\t\t\t<div class=\"elementor-widget-wrap elementor-element-populated\">\n\t\t\t\t\t\t<div class=\"elementor-element elementor-element-bade6db elementor-widget elementor-widget-text-editor\" data-id=\"bade6db\" data-element_type=\"widget\" data-widget_type=\"text-editor.default\">\n\t\t\t\t<div class=\"elementor-widget-container\">\n\t\t\t\t\t\t\t\t\t<p>Nat\u00fcrlich muss man sich erstmal einen \u00dcberblick verschaffen. Also raus mit allen Wintersachen und Sommersachen aus dem Aufbewahrungsm\u00f6bel und den Kleiderschrank ausmisten und zwar gr\u00fcndlich.<\/p><p><strong>Erster Tipp:<\/strong> Was kaputt ist, muss gehen.<\/p><p>Ja, wir wissen, es ist immer auch mit Erinnerungen verbunden, wenn man beim Kleiderschrank umr\u00e4umen auf alte Kleidungsst\u00fccke trifft. <\/p><p>Sind diese aber unwiederbringlich kaputt, m\u00fcssen sie gehen. Denn wenn die Hose, das Shirt oder der Pullover zu verlebt aussehen, wirken diese St\u00fccken auch nicht mehr sch\u00f6n an Ihnen.<\/p><p>Wenn Sie sich gar nicht trennen k\u00f6nnen, gibt es die M\u00f6glichkeit ein Foto zu machen, ein Kissen oder kleine Tasche aus dem Liebling zu n\u00e4hen. <\/p><p>So bleibt dieser Ihnen auch nach dem Kleiderschrank ausr\u00e4umen erhalten aber nimmt dort dann keinen Platz mehr weg.<\/p>\t\t\t\t\t\t\t\t<\/div>\n\t\t\t\t<\/div>\n\t\t\t\t\t<\/div>\n\t\t<\/div>\n\t\t\t\t\t<\/div>\n\t\t<\/section>\n\t\t\t\t<section data-particle_enable=\"false\" data-particle-mobile-disabled=\"false\" class=\"elementor-section elementor-top-section elementor-element elementor-element-1097b69 elementor-section-boxed elementor-section-height-default elementor-section-height-default\" data-id=\"1097b69\" data-element_type=\"section\">\n\t\t\t\t\t\t<div class=\"elementor-container elementor-column-gap-default\">\n\t\t\t\t\t<div class=\"elementor-column elementor-col-100 elementor-top-column elementor-element elementor-element-1eeb2e7\" data-id=\"1eeb2e7\" data-element_type=\"column\">\n\t\t\t<div class=\"elementor-widget-wrap elementor-element-populated\">\n\t\t\t\t\t\t<div class=\"elementor-element elementor-element-bb66f1b elementor-invisible elementor-widget elementor-widget-text-editor\" data-id=\"bb66f1b\" data-element_type=\"widget\" data-settings=\"{&quot;_animation&quot;:&quot;fadeInUp&quot;,&quot;_animation_delay&quot;:500}\" data-widget_type=\"text-editor.default\">\n\t\t\t\t<div class=\"elementor-widget-container\">\n\t\t\t\t\t\t\t\t\t<p><strong>Zweiter Tipp: <\/strong>Wenn es nicht passt, geben Sie es weiter.<\/p>\t\t\t\t\t\t\t\t<\/div>\n\t\t\t\t<\/div>\n\t\t\t\t\t<\/div>\n\t\t<\/div>\n\t\t\t\t\t<\/div>\n\t\t<\/section>\n\t\t\t\t<section data-particle_enable=\"false\" data-particle-mobile-disabled=\"false\" class=\"elementor-section elementor-top-section elementor-element elementor-element-937a368 elementor-section-boxed elementor-section-height-default elementor-section-height-default\" data-id=\"937a368\" data-element_type=\"section\">\n\t\t\t\t\t\t<div class=\"elementor-container elementor-column-gap-default\">\n\t\t\t\t\t<div class=\"elementor-column elementor-col-100 elementor-top-column elementor-element elementor-element-53f62c3\" data-id=\"53f62c3\" data-element_type=\"column\">\n\t\t\t<div class=\"elementor-widget-wrap elementor-element-populated\">\n\t\t\t\t\t\t<div class=\"elementor-element elementor-element-836ab43 elementor-widget elementor-widget-text-editor\" data-id=\"836ab43\" data-element_type=\"widget\" data-widget_type=\"text-editor.default\">\n\t\t\t\t<div class=\"elementor-widget-container\">\n\t\t\t\t\t\t\t\t\t<p>Das zwischen den Saisons auch manchmal sich die Kleidergr\u00f6\u00dfe ver\u00e4ndert ist normal. Gr\u00fcnde daf\u00fcr gibt es viele. Doch wenn die Kleider, die Sie beim Kleiderschrank ausmisten finden, zwar intakt aber so gar nicht mehr ihre Gr\u00f6\u00dfe sind, reichen Sie diese doch weiter. <\/p><p>Es gibt Tauschringe, Onlineb\u00f6rsen, Flohm\u00e4rkte und viele andere Gelegenheiten mehr wo Sie die textilen Lieblinge sogar noch zu einem kleinen Geldbetrag verwandeln k\u00f6nnen. Den Empf\u00e4nger freut es und Sie haben wieder mehr Platz nach dem Kleiderschrank umr\u00e4umen!<\/p>\t\t\t\t\t\t\t\t<\/div>\n\t\t\t\t<\/div>\n\t\t\t\t\t<\/div>\n\t\t<\/div>\n\t\t\t\t\t<\/div>\n\t\t<\/section>\n\t\t\t\t<section data-particle_enable=\"false\" data-particle-mobile-disabled=\"false\" class=\"elementor-section elementor-top-section elementor-element elementor-element-a710819 elementor-section-boxed elementor-section-height-default elementor-section-height-default\" data-id=\"a710819\" data-element_type=\"section\" data-settings=\"{&quot;background_background&quot;:&quot;classic&quot;}\">\n\t\t\t\t\t\t<div class=\"elementor-container elementor-column-gap-default\">\n\t\t\t\t\t<div class=\"elementor-column elementor-col-100 elementor-top-column elementor-element elementor-element-437ada4\" data-id=\"437ada4\" data-element_type=\"column\">\n\t\t\t<div class=\"elementor-widget-wrap elementor-element-populated\">\n\t\t\t\t\t\t<div class=\"elementor-element elementor-element-702731e eael-infobox-icon-bg-shape-none eael-infobox-icon-hover-bg-shape-none elementor-invisible elementor-widget elementor-widget-eael-info-box\" data-id=\"702731e\" data-element_type=\"widget\" data-settings=\"{&quot;_animation&quot;:&quot;pulse&quot;,&quot;_animation_delay&quot;:900}\" data-widget_type=\"eael-info-box.default\">\n\t\t\t\t<div class=\"elementor-widget-container\">\n\t\t\t\t\t        <div class=\"eael-infobox icon-on-left\">\n\t            <div class=\"infobox-icon eael-icon-only\">\n\n            \n                            <div class=\"infobox-icon-wrap\">\n                    <i aria-hidden=\"true\" class=\"fas fa-exclamation\"><\/i>                <\/div>\n            \n            \n        <\/div>\n            <div class=\"infobox-content eael-icon-only\">\n        <div><p><strong>Dritter Tipp:<\/strong> Lassen Sie Fehlk\u00e4ufe nicht zu Platzr\u00e4ubern werden!<\/p><p>Es passt, es ist ganz \u2013 aber warum zum Teufel haben Sie sich f\u00fcr DIESE FARBE entschieden? Keine Sorge, Fehlk\u00e4ufe geh\u00f6ren einfach dazu. Vermeiden Sie es aber trotzdem, beim Kleiderschrank umr\u00e4umen die schr\u00e4gen Teile wieder zur\u00fcck in den Schrank zu r\u00e4umen. Wenn Sie ein St\u00fcck \u00fcber ein Jahr lang nicht getragen haben, dann ist die Wahrscheinlichkeit, dass Sie das im kommenden Sommer tun werden, sehr gering.<\/p><p>Geben Sie den Fehlkauf guten Gewissens in den Verkauf oder die Kleiderspende und freuen Sie sich \u00fcber den gewonnenen Platz f\u00fcr die Sommerkleidung.<\/p><\/div>        <\/div>\n            <\/div>\n\n\t\t\t\t\t\t<\/div>\n\t\t\t\t<\/div>\n\t\t\t\t\t<\/div>\n\t\t<\/div>\n\t\t\t\t\t<\/div>\n\t\t<\/section>\n\t\t\t\t<section data-particle_enable=\"false\" data-particle-mobile-disabled=\"false\" class=\"elementor-section elementor-top-section elementor-element elementor-element-8ce35d0 elementor-section-boxed elementor-section-height-default elementor-section-height-default\" data-id=\"8ce35d0\" data-element_type=\"section\">\n\t\t\t\t\t\t<div class=\"elementor-container elementor-column-gap-default\">\n\t\t\t\t\t<div class=\"elementor-column elementor-col-50 elementor-top-column elementor-element elementor-element-8668adc\" data-id=\"8668adc\" data-element_type=\"column\">\n\t\t\t<div class=\"elementor-widget-wrap elementor-element-populated\">\n\t\t\t\t\t\t<div class=\"elementor-element elementor-element-087d117 elementor-widget elementor-widget-text-editor\" data-id=\"087d117\" data-element_type=\"widget\" data-widget_type=\"text-editor.default\">\n\t\t\t\t<div class=\"elementor-widget-container\">\n\t\t\t\t\t\t\t\t\t<h2>Kleiderschrank umr\u00e4umen &#8211; die Anordnung machts!<\/h2><p>Jetzt, da Sie einen aktuellen \u00dcberblick \u00fcber den Bestand der Winter- und Sommerbekleidung haben, m\u00fcssen Sie sich nur noch f\u00fcr eine geeignete Einordnung in den Schlafzimmerschrank entscheiden.<\/p><p>\u00dcbrigens hilft Ihnen bereits beim Konfigurieren des Kleiderschranks hier der <a href=\"https:\/\/www.schrankplaner.de\/schrank-konfigurieren\">Schrankplaner<\/a>.<\/p><p>Den je nachdem welche Art Bekleidung Sie am liebsten tragen, kann eine unterschiedliche Unterteilung Ihres Kleiderschranks sinnvoll sein.<\/p><p>Was dem einen mehr Kleiderstangen, sind dem anderen Schubladen oder Legef\u00e4cher.<\/p>\t\t\t\t\t\t\t\t<\/div>\n\t\t\t\t<\/div>\n\t\t\t\t\t<\/div>\n\t\t<\/div>\n\t\t\t\t<div class=\"elementor-column elementor-col-50 elementor-top-column elementor-element elementor-element-5f0839b\" data-id=\"5f0839b\" data-element_type=\"column\">\n\t\t\t<div class=\"elementor-widget-wrap elementor-element-populated\">\n\t\t\t\t\t\t<div class=\"elementor-element elementor-element-4772088 elementor-widget elementor-widget-image\" data-id=\"4772088\" data-element_type=\"widget\" data-widget_type=\"image.default\">\n\t\t\t\t<div class=\"elementor-widget-container\">\n\t\t\t\t\t\t\t\t\t\t\t\t\t\t\t<img loading=\"lazy\" decoding=\"async\" width=\"600\" height=\"600\" src=\"https:\/\/www.schrankplaner.de\/exklusiv\/wp-content\/uploads\/2021\/05\/Kleiderschrank_umraeumen.jpg\" class=\"attachment-full size-full wp-image-2890\" alt=\"Kleiderschrank umr\u00e4umen\" srcset=\"https:\/\/www.schrankplaner.de\/exklusiv\/wp-content\/uploads\/2021\/05\/Kleiderschrank_umraeumen.jpg 600w, https:\/\/www.schrankplaner.de\/exklusiv\/wp-content\/uploads\/2021\/05\/Kleiderschrank_umraeumen-300x300.jpg 300w, https:\/\/www.schrankplaner.de\/exklusiv\/wp-content\/uploads\/2021\/05\/Kleiderschrank_umraeumen-150x150.jpg 150w\" sizes=\"(max-width: 600px) 100vw, 600px\" \/>\t\t\t\t\t\t\t\t\t\t\t\t\t\t\t<\/div>\n\t\t\t\t<\/div>\n\t\t\t\t\t<\/div>\n\t\t<\/div>\n\t\t\t\t\t<\/div>\n\t\t<\/section>\n\t\t\t\t<section data-particle_enable=\"false\" data-particle-mobile-disabled=\"false\" class=\"elementor-section elementor-top-section elementor-element elementor-element-ce775e2 elementor-section-boxed elementor-section-height-default elementor-section-height-default\" data-id=\"ce775e2\" data-element_type=\"section\" data-settings=\"{&quot;background_background&quot;:&quot;classic&quot;}\">\n\t\t\t\t\t\t<div class=\"elementor-container elementor-column-gap-default\">\n\t\t\t\t\t<div class=\"elementor-column elementor-col-100 elementor-top-column elementor-element elementor-element-3dd2010\" data-id=\"3dd2010\" data-element_type=\"column\">\n\t\t\t<div class=\"elementor-widget-wrap elementor-element-populated\">\n\t\t\t\t\t\t<div class=\"elementor-element elementor-element-5f44fd6 eael-infobox-icon-bg-shape-none eael-infobox-icon-hover-bg-shape-none elementor-invisible elementor-widget elementor-widget-eael-info-box\" data-id=\"5f44fd6\" data-element_type=\"widget\" data-settings=\"{&quot;_animation&quot;:&quot;pulse&quot;,&quot;_animation_delay&quot;:900}\" data-widget_type=\"eael-info-box.default\">\n\t\t\t\t<div class=\"elementor-widget-container\">\n\t\t\t\t\t        <div class=\"eael-infobox icon-on-left\">\n\t            <div class=\"infobox-icon eael-icon-only\">\n\n            \n                            <div class=\"infobox-icon-wrap\">\n                    <i aria-hidden=\"true\" class=\"fas fa-exclamation\"><\/i>                <\/div>\n            \n            \n        <\/div>\n            <div class=\"infobox-content eael-icon-only\">\n        <div><h3>1. Variante: Aktuelle Saison in Griffh\u00f6he &#8211; der Rest Oben<\/h3><p><br \/>Sie haben einen zimmerhohen Kleiderschrank? Dann ist diese Variante vielleicht f\u00fcr Sie die Richtige! R\u00e4umen Sie in die obersten F\u00e4cher und Bereiche die Wintersachen ein. Im Gegenzug dazu finden sich nach dem Kleiderschrank einr\u00e4umen nun die Sachen f\u00fcr den Sommer in Griff- und Augenh\u00f6he. Der Vorteil ist hierbei, dass bei einem Temperatureinbruch die w\u00e4rmeren Bekleidungsst\u00fccke relativ leicht zu erreichen sind.<\/p><p>\u00a0<\/p><\/div>        <\/div>\n            <\/div>\n\n\t\t\t\t\t\t<\/div>\n\t\t\t\t<\/div>\n\t\t\t\t\t<\/div>\n\t\t<\/div>\n\t\t\t\t\t<\/div>\n\t\t<\/section>\n\t\t\t\t<section data-particle_enable=\"false\" data-particle-mobile-disabled=\"false\" class=\"elementor-section elementor-top-section elementor-element elementor-element-e53a3af elementor-section-boxed elementor-section-height-default elementor-section-height-default\" data-id=\"e53a3af\" data-element_type=\"section\">\n\t\t\t\t\t\t<div class=\"elementor-container elementor-column-gap-default\">\n\t\t\t\t\t<div class=\"elementor-column elementor-col-100 elementor-top-column elementor-element elementor-element-63dcb09\" data-id=\"63dcb09\" data-element_type=\"column\">\n\t\t\t<div class=\"elementor-widget-wrap elementor-element-populated\">\n\t\t\t\t\t\t<div class=\"elementor-element elementor-element-d46d7e7 elementor-invisible elementor-widget elementor-widget-text-editor\" data-id=\"d46d7e7\" data-element_type=\"widget\" data-settings=\"{&quot;_animation&quot;:&quot;fadeInUp&quot;,&quot;_animation_delay&quot;:500}\" data-widget_type=\"text-editor.default\">\n\t\t\t\t<div class=\"elementor-widget-container\">\n\t\t\t\t\t\t\t\t\t<h3>2. Variante: Aktuelle Saison in Griffh\u00f6he &#8211; der Rest in zweiter Ebene<\/h3>\t\t\t\t\t\t\t\t<\/div>\n\t\t\t\t<\/div>\n\t\t\t\t\t<\/div>\n\t\t<\/div>\n\t\t\t\t\t<\/div>\n\t\t<\/section>\n\t\t\t\t<section data-particle_enable=\"false\" data-particle-mobile-disabled=\"false\" class=\"elementor-section elementor-top-section elementor-element elementor-element-fa8c756 elementor-section-boxed elementor-section-height-default elementor-section-height-default\" data-id=\"fa8c756\" data-element_type=\"section\">\n\t\t\t\t\t\t<div class=\"elementor-container elementor-column-gap-default\">\n\t\t\t\t\t<div class=\"elementor-column elementor-col-100 elementor-top-column elementor-element elementor-element-4650039\" data-id=\"4650039\" data-element_type=\"column\">\n\t\t\t<div class=\"elementor-widget-wrap elementor-element-populated\">\n\t\t\t\t\t\t<div class=\"elementor-element elementor-element-292d113 elementor-widget elementor-widget-text-editor\" data-id=\"292d113\" data-element_type=\"widget\" data-widget_type=\"text-editor.default\">\n\t\t\t\t<div class=\"elementor-widget-container\">\n\t\t\t\t\t\t\t\t\t<p><br \/>Insbesondere Schr\u00e4nke, welche recht tief sind, eignen sich f\u00fcr diese Methode. Dabei r\u00e4umt man zun\u00e4chst die derzeit nicht ben\u00f6tigten Wintersachen in den Schrank und dann, direkt davor in der ersten Ebene, die aktuelle Saison. So nutzen Sie den Platz in Legef\u00e4chern und Schubladen sehr effizient.<\/p>\t\t\t\t\t\t\t\t<\/div>\n\t\t\t\t<\/div>\n\t\t\t\t\t<\/div>\n\t\t<\/div>\n\t\t\t\t\t<\/div>\n\t\t<\/section>\n\t\t\t\t<section data-particle_enable=\"false\" data-particle-mobile-disabled=\"false\" class=\"elementor-section elementor-top-section elementor-element elementor-element-7d0e482 elementor-section-boxed elementor-section-height-default elementor-section-height-default\" data-id=\"7d0e482\" data-element_type=\"section\" data-settings=\"{&quot;background_background&quot;:&quot;classic&quot;}\">\n\t\t\t\t\t\t<div class=\"elementor-container elementor-column-gap-default\">\n\t\t\t\t\t<div class=\"elementor-column elementor-col-50 elementor-top-column elementor-element elementor-element-24bba0c\" data-id=\"24bba0c\" data-element_type=\"column\">\n\t\t\t<div class=\"elementor-widget-wrap elementor-element-populated\">\n\t\t\t\t\t\t<div class=\"elementor-element elementor-element-96bfc53 elementor-widget elementor-widget-image\" data-id=\"96bfc53\" data-element_type=\"widget\" data-widget_type=\"image.default\">\n\t\t\t\t<div class=\"elementor-widget-container\">\n\t\t\t\t\t\t\t\t\t\t\t\t\t\t\t<img loading=\"lazy\" decoding=\"async\" width=\"1000\" height=\"1000\" src=\"https:\/\/www.schrankplaner.de\/exklusiv\/wp-content\/uploads\/2021\/05\/Kleiderschrank-umraeumen.jpg\" class=\"attachment-full size-full wp-image-2891\" alt=\"Kleiderschrank umr\u00e4umen\" srcset=\"https:\/\/www.schrankplaner.de\/exklusiv\/wp-content\/uploads\/2021\/05\/Kleiderschrank-umraeumen.jpg 1000w, https:\/\/www.schrankplaner.de\/exklusiv\/wp-content\/uploads\/2021\/05\/Kleiderschrank-umraeumen-300x300.jpg 300w, https:\/\/www.schrankplaner.de\/exklusiv\/wp-content\/uploads\/2021\/05\/Kleiderschrank-umraeumen-150x150.jpg 150w, https:\/\/www.schrankplaner.de\/exklusiv\/wp-content\/uploads\/2021\/05\/Kleiderschrank-umraeumen-768x768.jpg 768w\" sizes=\"(max-width: 1000px) 100vw, 1000px\" \/>\t\t\t\t\t\t\t\t\t\t\t\t\t\t\t<\/div>\n\t\t\t\t<\/div>\n\t\t\t\t\t<\/div>\n\t\t<\/div>\n\t\t\t\t<div class=\"elementor-column elementor-col-50 elementor-top-column elementor-element elementor-element-d53a6bb\" data-id=\"d53a6bb\" data-element_type=\"column\">\n\t\t\t<div class=\"elementor-widget-wrap elementor-element-populated\">\n\t\t\t\t\t\t<div class=\"elementor-element elementor-element-6793e4b elementor-widget elementor-widget-text-editor\" data-id=\"6793e4b\" data-element_type=\"widget\" data-widget_type=\"text-editor.default\">\n\t\t\t\t<div class=\"elementor-widget-container\">\n\t\t\t\t\t\t\t\t\t<h3>Variante: Aktuelle Saison im Kleiderschrank einr\u00e4umen, die restliche Kleidung mottensicher verstauen.<\/h3><p><br \/>Aber nicht jeder hat so viel Platz im Kleiderschrank, dass gleichzeitig alle Wintersachen und Sommersachen einger\u00e4umt sein k\u00f6nnen. Dann hilft nach dem konsequenten, regelm\u00e4\u00dfigen Kleiderschrank ausmisten nur, dass man die gerade nicht ben\u00f6tigten Kleiderst\u00fccke anderweitig verstaut.<\/p><p>So gibt es vakuumverschlie\u00dfbare Plastikboxen oder auch Kleiders\u00e4cke, die sich sicher unter dem Bett, in Abstellr\u00e4umen oder Dachkammern verstauen lassen.<\/p><p>Wichtig vor dem Verstauen ist, das man die Kleidung reinigt und mit Anti-Motten-Mitteln versieht. Ganz nat\u00fcrlich helfen zum Beispiel Mottenkugeln oder Lavendel.<\/p><p>Dann gibt es auch kein b\u00f6ses Erwachen, beim n\u00e4chsten Kleiderschrank ausmisten und umr\u00e4umen zum Saisonwechsel.<\/p>\t\t\t\t\t\t\t\t<\/div>\n\t\t\t\t<\/div>\n\t\t\t\t\t<\/div>\n\t\t<\/div>\n\t\t\t\t\t<\/div>\n\t\t<\/section>\n\t\t\t\t<section data-particle_enable=\"false\" data-particle-mobile-disabled=\"false\" class=\"elementor-section elementor-top-section elementor-element elementor-element-499de34 elementor-section-boxed elementor-section-height-default elementor-section-height-default\" data-id=\"499de34\" data-element_type=\"section\">\n\t\t\t\t\t\t<div class=\"elementor-container elementor-column-gap-default\">\n\t\t\t\t\t<div class=\"elementor-column elementor-col-100 elementor-top-column elementor-element elementor-element-4c441cf\" data-id=\"4c441cf\" data-element_type=\"column\">\n\t\t\t<div class=\"elementor-widget-wrap elementor-element-populated\">\n\t\t\t\t\t\t<div class=\"elementor-element elementor-element-bdb0743 elementor-invisible elementor-widget elementor-widget-heading\" data-id=\"bdb0743\" data-element_type=\"widget\" data-settings=\"{&quot;_animation&quot;:&quot;fadeInUp&quot;,&quot;_animation_delay&quot;:600}\" data-widget_type=\"heading.default\">\n\t\t\t\t<div class=\"elementor-widget-container\">\n\t\t\t\t\t<h2 class=\"elementor-heading-title elementor-size-default\">Achtung: Beim Kleiderschrank umr\u00e4umen, gleich auch an das mottensicher machen denken!<\/h2>\t\t\t\t<\/div>\n\t\t\t\t<\/div>\n\t\t\t\t\t<\/div>\n\t\t<\/div>\n\t\t\t\t\t<\/div>\n\t\t<\/section>\n\t\t\t\t<section data-particle_enable=\"false\" data-particle-mobile-disabled=\"false\" class=\"elementor-section elementor-top-section elementor-element elementor-element-b0371eb elementor-section-boxed elementor-section-height-default elementor-section-height-default\" data-id=\"b0371eb\" data-element_type=\"section\">\n\t\t\t\t\t\t<div class=\"elementor-container elementor-column-gap-default\">\n\t\t\t\t\t<div class=\"elementor-column elementor-col-50 elementor-top-column elementor-element elementor-element-9d1629c\" data-id=\"9d1629c\" data-element_type=\"column\">\n\t\t\t<div class=\"elementor-widget-wrap elementor-element-populated\">\n\t\t\t\t\t\t<div class=\"elementor-element elementor-element-8cf6aa4 elementor-widget elementor-widget-text-editor\" data-id=\"8cf6aa4\" data-element_type=\"widget\" data-widget_type=\"text-editor.default\">\n\t\t\t\t<div class=\"elementor-widget-container\">\n\t\t\t\t\t\t\t\t\t<p>Wenn man so durch seine Lieblingshosen, Shirts und Kleider schaut, m\u00f6chte man sie nicht entdecken: Motten! Damit auch der frisch neu geordnete Kleiderschrank frei von den Sch\u00e4dlingen bleibt, sollte man einige Vorkehrungen treffen, sonst k\u00f6nnen schon bald kleine L\u00f6cher vom Befall k\u00fcnden. <\/p><p>Bevor der Kleiderschrank neu einger\u00e4umt wird, sollte er zum Beispiel gut ausgewischt werden, zum Beispiel mit einer Essig-Wasser-Mischung. Au\u00dferdem kommen nur gut und frisch gereinigte Kleidungsst\u00fccke in den Kleiderschrank. So verhindert man, das erneut Larven oder ausgewachsene Tiere in den Schrank eingeschleppt werden.<\/p>\t\t\t\t\t\t\t\t<\/div>\n\t\t\t\t<\/div>\n\t\t\t\t\t<\/div>\n\t\t<\/div>\n\t\t\t\t<div class=\"elementor-column elementor-col-50 elementor-top-column elementor-element elementor-element-137bc3d\" data-id=\"137bc3d\" data-element_type=\"column\">\n\t\t\t<div class=\"elementor-widget-wrap elementor-element-populated\">\n\t\t\t\t\t\t<div class=\"elementor-element elementor-element-c0206e4 elementor-widget elementor-widget-image\" data-id=\"c0206e4\" data-element_type=\"widget\" data-widget_type=\"image.default\">\n\t\t\t\t<div class=\"elementor-widget-container\">\n\t\t\t\t\t\t\t\t\t\t\t\t\t\t\t<img loading=\"lazy\" decoding=\"async\" width=\"505\" height=\"505\" src=\"https:\/\/www.schrankplaner.de\/exklusiv\/wp-content\/uploads\/2021\/05\/Kleiderschrank_Sommer_umstellen.jpg\" class=\"attachment-full size-full wp-image-2897\" alt=\"Kleiderschrank Sommer umstellen\" srcset=\"https:\/\/www.schrankplaner.de\/exklusiv\/wp-content\/uploads\/2021\/05\/Kleiderschrank_Sommer_umstellen.jpg 505w, https:\/\/www.schrankplaner.de\/exklusiv\/wp-content\/uploads\/2021\/05\/Kleiderschrank_Sommer_umstellen-300x300.jpg 300w, https:\/\/www.schrankplaner.de\/exklusiv\/wp-content\/uploads\/2021\/05\/Kleiderschrank_Sommer_umstellen-150x150.jpg 150w\" sizes=\"(max-width: 505px) 100vw, 505px\" \/>\t\t\t\t\t\t\t\t\t\t\t\t\t\t\t<\/div>\n\t\t\t\t<\/div>\n\t\t\t\t\t<\/div>\n\t\t<\/div>\n\t\t\t\t\t<\/div>\n\t\t<\/section>\n\t\t\t\t<section data-particle_enable=\"false\" data-particle-mobile-disabled=\"false\" class=\"elementor-section elementor-top-section elementor-element elementor-element-af6d638 elementor-section-boxed elementor-section-height-default elementor-section-height-default\" data-id=\"af6d638\" data-element_type=\"section\">\n\t\t\t\t\t\t<div class=\"elementor-container elementor-column-gap-default\">\n\t\t\t\t\t<div class=\"elementor-column elementor-col-100 elementor-top-column elementor-element elementor-element-a83c334\" data-id=\"a83c334\" data-element_type=\"column\">\n\t\t\t<div class=\"elementor-widget-wrap elementor-element-populated\">\n\t\t\t\t\t\t<div class=\"elementor-element elementor-element-600d264 elementor-widget elementor-widget-text-editor\" data-id=\"600d264\" data-element_type=\"widget\" data-widget_type=\"text-editor.default\">\n\t\t\t\t<div class=\"elementor-widget-container\">\n\t\t\t\t\t\t\t\t\t<p>Zwischen die Stapel und h\u00e4ngenden Kleider kommen schlie\u00dflich noch Lavendels\u00e4ckchen oder Mottenkugeln. Diese sondern ein \u00e4therisches \u00d6l ab, welches die Kleidermotten nicht vertragen. So retten Sie viele Kleidungsst\u00fccke davor beim n\u00e4chsten Kleiderschrank ausmisten wegen Lochfrass mit weggeworfen werden zu m\u00fcssen.<\/p>\t\t\t\t\t\t\t\t<\/div>\n\t\t\t\t<\/div>\n\t\t\t\t\t<\/div>\n\t\t<\/div>\n\t\t\t\t\t<\/div>\n\t\t<\/section>\n\t\t\t\t<section data-particle_enable=\"false\" data-particle-mobile-disabled=\"false\" class=\"elementor-section elementor-top-section elementor-element elementor-element-7818ce9 elementor-section-boxed elementor-section-height-default elementor-section-height-default\" data-id=\"7818ce9\" data-element_type=\"section\">\n\t\t\t\t\t\t<div class=\"elementor-container elementor-column-gap-default\">\n\t\t\t\t\t<div class=\"elementor-column elementor-col-100 elementor-top-column elementor-element elementor-element-93d3531\" data-id=\"93d3531\" data-element_type=\"column\">\n\t\t\t<div class=\"elementor-widget-wrap elementor-element-populated\">\n\t\t\t\t\t\t<div class=\"elementor-element elementor-element-96ccb3d elementor-widget-divider--view-line_text elementor-widget-divider--element-align-center elementor-widget elementor-widget-global elementor-global-2362 elementor-widget-divider\" data-id=\"96ccb3d\" data-element_type=\"widget\" data-widget_type=\"divider.default\">\n\t\t\t\t<div class=\"elementor-widget-container\">\n\t\t\t\t\t\t\t<div class=\"elementor-divider\">\n\t\t\t<span class=\"elementor-divider-separator\">\n\t\t\t\t\t\t\t<span class=\"elementor-divider__text elementor-divider__element\">\n\t\t\t\tJetzt auf Schrankplaner.de\t\t\t\t<\/span>\n\t\t\t\t\t\t<\/span>\n\t\t<\/div>\n\t\t\t\t\t\t<\/div>\n\t\t\t\t<\/div>\n\t\t\t\t\t<\/div>\n\t\t<\/div>\n\t\t\t\t\t<\/div>\n\t\t<\/section>\n\t\t\t\t<section data-particle_enable=\"false\" data-particle-mobile-disabled=\"false\" class=\"elementor-section elementor-top-section elementor-element elementor-element-09a64f1 elementor-section-boxed elementor-section-height-default elementor-section-height-default\" data-id=\"09a64f1\" data-element_type=\"section\" data-settings=\"{&quot;background_background&quot;:&quot;classic&quot;}\">\n\t\t\t\t\t\t<div class=\"elementor-container elementor-column-gap-default\">\n\t\t\t\t\t<div class=\"elementor-column elementor-col-100 elementor-top-column elementor-element elementor-element-822f06b\" data-id=\"822f06b\" data-element_type=\"column\">\n\t\t\t<div class=\"elementor-widget-wrap elementor-element-populated\">\n\t\t\t\t\t\t<div class=\"elementor-element elementor-element-015e0ea elementor-invisible elementor-widget elementor-widget-global elementor-global-2365 elementor-widget-heading\" data-id=\"015e0ea\" data-element_type=\"widget\" data-settings=\"{&quot;_animation&quot;:&quot;bounceIn&quot;,&quot;_animation_delay&quot;:1000}\" data-widget_type=\"heading.default\">\n\t\t\t\t<div class=\"elementor-widget-container\">\n\t\t\t\t\t<h4 class=\"elementor-heading-title elementor-size-default\">M\u00f6bel online konfigurieren:<\/h4>\t\t\t\t<\/div>\n\t\t\t\t<\/div>\n\t\t\t\t\t<\/div>\n\t\t<\/div>\n\t\t\t\t\t<\/div>\n\t\t<\/section>\n\t\t\t\t<section data-particle_enable=\"false\" data-particle-mobile-disabled=\"false\" class=\"elementor-section elementor-top-section elementor-element elementor-element-18e2125 elementor-hidden-desktop elementor-hidden-tablet elementor-section-boxed elementor-section-height-default elementor-section-height-default\" data-id=\"18e2125\" data-element_type=\"section\" data-settings=\"{&quot;background_background&quot;:&quot;classic&quot;}\">\n\t\t\t\t\t\t<div class=\"elementor-container elementor-column-gap-default\">\n\t\t\t\t\t<div class=\"elementor-column elementor-col-100 elementor-top-column elementor-element elementor-element-8f7b2f5\" data-id=\"8f7b2f5\" data-element_type=\"column\">\n\t\t\t<div class=\"elementor-widget-wrap elementor-element-populated\">\n\t\t\t\t\t\t<div class=\"elementor-element elementor-element-8611e7d uael-ins-normal uael-img-caption-valign-bottom elementor-widget elementor-widget-global elementor-global-2368 elementor-widget-uael-image-gallery\" data-id=\"8611e7d\" data-element_type=\"widget\" data-settings=\"{&quot;slides_to_show&quot;:4,&quot;slides_to_show_tablet&quot;:3,&quot;slides_to_show_mobile&quot;:2,&quot;slides_to_scroll&quot;:1,&quot;slides_to_scroll_tablet&quot;:1,&quot;slides_to_scroll_mobile&quot;:1,&quot;column_gap&quot;:{&quot;unit&quot;:&quot;px&quot;,&quot;size&quot;:20,&quot;sizes&quot;:[]},&quot;column_gap_tablet&quot;:{&quot;unit&quot;:&quot;px&quot;,&quot;size&quot;:&quot;&quot;,&quot;sizes&quot;:[]},&quot;column_gap_mobile&quot;:{&quot;unit&quot;:&quot;px&quot;,&quot;size&quot;:&quot;&quot;,&quot;sizes&quot;:[]},&quot;caption_padding&quot;:{&quot;unit&quot;:&quot;px&quot;,&quot;top&quot;:&quot;&quot;,&quot;right&quot;:&quot;&quot;,&quot;bottom&quot;:&quot;&quot;,&quot;left&quot;:&quot;&quot;,&quot;isLinked&quot;:true},&quot;caption_padding_tablet&quot;:{&quot;unit&quot;:&quot;px&quot;,&quot;top&quot;:&quot;&quot;,&quot;right&quot;:&quot;&quot;,&quot;bottom&quot;:&quot;&quot;,&quot;left&quot;:&quot;&quot;,&quot;isLinked&quot;:true},&quot;caption_padding_mobile&quot;:{&quot;unit&quot;:&quot;px&quot;,&quot;top&quot;:&quot;&quot;,&quot;right&quot;:&quot;&quot;,&quot;bottom&quot;:&quot;&quot;,&quot;left&quot;:&quot;&quot;,&quot;isLinked&quot;:true}}\" data-widget_type=\"uael-image-gallery.default\">\n\t\t\t\t<div class=\"elementor-widget-container\">\n\t\t\t\t\t<div class=\"uael-gallery-parent uael-caption-on-image uael-gallery-unjustified\"><div data-image_carousel=\"{&quot;slidesToShow&quot;:4,&quot;slidesToScroll&quot;:1,&quot;autoplaySpeed&quot;:2000,&quot;autoplay&quot;:true,&quot;infinite&quot;:true,&quot;pauseOnHover&quot;:true,&quot;speed&quot;:500,&quot;arrows&quot;:false,&quot;dots&quot;:true,&quot;rtl&quot;:false,&quot;responsive&quot;:[{&quot;breakpoint&quot;:1024,&quot;settings&quot;:{&quot;slidesToShow&quot;:3,&quot;slidesToScroll&quot;:1}},{&quot;breakpoint&quot;:767,&quot;settings&quot;:{&quot;slidesToShow&quot;:2,&quot;slidesToScroll&quot;:1}}]}\" class=\"uael-img-gallery-wrap uael-img-carousel-wrap uael-nav-dots\" data-filter-default=\"All\"><div class=\"uael-grid-item  uael-img-gallery-item-1\"><div class=\"uael-grid-item-content\"><a class=\"uael-grid-img uael-grid-gallery-img uael-ins-hover elementor-clickable\" target=\"_blank\" rel=\"dofollow\" href=\"https:\/\/www.schrankplaner.de\/konfigurator?id=GeradeFrei\" data-elementor-open-lightbox=\"no\"><div class=\"uael-grid-img-thumbnail uael-ins-target\"><img loading=\"lazy\" decoding=\"async\" width=\"200\" height=\"200\" src=\"https:\/\/www.schrankplaner.de\/exklusiv\/wp-content\/uploads\/2020\/02\/Kleiderschrank-gerade.jpg\" class=\"attachment-full size-full wp-image-2217\" alt=\"Geraden Schrank planen\" srcset=\"https:\/\/www.schrankplaner.de\/exklusiv\/wp-content\/uploads\/2020\/02\/Kleiderschrank-gerade.jpg 200w, https:\/\/www.schrankplaner.de\/exklusiv\/wp-content\/uploads\/2020\/02\/Kleiderschrank-gerade-150x150.jpg 150w\" sizes=\"(max-width: 200px) 100vw, 200px\" \/><figcaption class=\"uael-grid-img-content\"><div class=\"uael-grid-img-caption\"><div class=\"uael-grid-caption-text\">Geraden Schrank planen<\/div><\/div><\/figcaption><\/div><div class=\"uael-grid-img-overlay\"><\/div><\/a><\/div><\/div><div class=\"uael-grid-item  uael-img-gallery-item-2\"><div class=\"uael-grid-item-content\"><a class=\"uael-grid-img uael-grid-gallery-img uael-ins-hover elementor-clickable\" target=\"_blank\" rel=\"dofollow\" href=\"https:\/\/www.schrankplaner.de\/konfigurator?id=SchraLinks\" data-elementor-open-lightbox=\"no\"><div class=\"uael-grid-img-thumbnail uael-ins-target\"><img loading=\"lazy\" decoding=\"async\" width=\"200\" height=\"200\" src=\"https:\/\/www.schrankplaner.de\/exklusiv\/wp-content\/uploads\/2020\/02\/Kleiderschrank-Schr\u00e4ge-links.jpg\" class=\"attachment-full size-full wp-image-2220\" alt=\"Schrank Schr\u00e4ge links planen\" srcset=\"https:\/\/www.schrankplaner.de\/exklusiv\/wp-content\/uploads\/2020\/02\/Kleiderschrank-Schr\u00e4ge-links.jpg 200w, https:\/\/www.schrankplaner.de\/exklusiv\/wp-content\/uploads\/2020\/02\/Kleiderschrank-Schr\u00e4ge-links-150x150.jpg 150w\" sizes=\"(max-width: 200px) 100vw, 200px\" \/><figcaption class=\"uael-grid-img-content\"><div class=\"uael-grid-img-caption\"><div class=\"uael-grid-caption-text\">Schrank Schr\u00e4ge Links planen<\/div><\/div><\/figcaption><\/div><div class=\"uael-grid-img-overlay\"><\/div><\/a><\/div><\/div><div class=\"uael-grid-item  uael-img-gallery-item-3\"><div class=\"uael-grid-item-content\"><a class=\"uael-grid-img uael-grid-gallery-img uael-ins-hover elementor-clickable\" target=\"_blank\" rel=\"dofollow\" href=\"https:\/\/www.schrankplaner.de\/konfigurator?id=SchraRechts\" data-elementor-open-lightbox=\"no\"><div class=\"uael-grid-img-thumbnail uael-ins-target\"><img loading=\"lazy\" decoding=\"async\" width=\"200\" height=\"200\" src=\"https:\/\/www.schrankplaner.de\/exklusiv\/wp-content\/uploads\/2020\/02\/Kleiderschrank-Schr\u00e4ge-rechts.jpg\" class=\"attachment-full size-full wp-image-2221\" alt=\"Schrank Schr\u00e4ge rechts planen\" srcset=\"https:\/\/www.schrankplaner.de\/exklusiv\/wp-content\/uploads\/2020\/02\/Kleiderschrank-Schr\u00e4ge-rechts.jpg 200w, https:\/\/www.schrankplaner.de\/exklusiv\/wp-content\/uploads\/2020\/02\/Kleiderschrank-Schr\u00e4ge-rechts-150x150.jpg 150w\" sizes=\"(max-width: 200px) 100vw, 200px\" \/><figcaption class=\"uael-grid-img-content\"><div class=\"uael-grid-img-caption\"><div class=\"uael-grid-caption-text\">Schrank Schr\u00e4ge Rechts planen<\/div><\/div><\/figcaption><\/div><div class=\"uael-grid-img-overlay\"><\/div><\/a><\/div><\/div><div class=\"uael-grid-item  uael-img-gallery-item-4\"><div class=\"uael-grid-item-content\"><a class=\"uael-grid-img uael-grid-gallery-img uael-ins-hover elementor-clickable\" target=\"_blank\" rel=\"dofollow\" href=\"https:\/\/www.schrankplaner.de\/konfigurator?id=SchraHinten\" data-elementor-open-lightbox=\"no\"><div class=\"uael-grid-img-thumbnail uael-ins-target\"><img loading=\"lazy\" decoding=\"async\" width=\"200\" height=\"200\" src=\"https:\/\/www.schrankplaner.de\/exklusiv\/wp-content\/uploads\/2020\/02\/Kleiderschrank-Schr\u00e4ge-hinten.jpg\" class=\"attachment-full size-full wp-image-2219\" alt=\"Schrank Schr\u00e4ge hinten planen\" srcset=\"https:\/\/www.schrankplaner.de\/exklusiv\/wp-content\/uploads\/2020\/02\/Kleiderschrank-Schr\u00e4ge-hinten.jpg 200w, https:\/\/www.schrankplaner.de\/exklusiv\/wp-content\/uploads\/2020\/02\/Kleiderschrank-Schr\u00e4ge-hinten-150x150.jpg 150w\" sizes=\"(max-width: 200px) 100vw, 200px\" \/><figcaption class=\"uael-grid-img-content\"><div class=\"uael-grid-img-caption\"><div class=\"uael-grid-caption-text\">Schrank Schr\u00e4ge Hinten planen<\/div><\/div><\/figcaption><\/div><div class=\"uael-grid-img-overlay\"><\/div><\/a><\/div><\/div><div class=\"uael-grid-item  uael-img-gallery-item-5\"><div class=\"uael-grid-item-content\"><a class=\"uael-grid-img uael-grid-gallery-img uael-ins-hover elementor-clickable\" target=\"_blank\" rel=\"dofollow\" href=\"https:\/\/www.schrankplaner.de\/konfigurator?id=SchweSch3\" data-elementor-open-lightbox=\"no\"><div class=\"uael-grid-img-thumbnail uael-ins-target\"><img loading=\"lazy\" decoding=\"async\" width=\"200\" height=\"200\" src=\"https:\/\/www.schrankplaner.de\/exklusiv\/wp-content\/uploads\/2020\/02\/Schwebet\u00fcrenschrank-drei-T\u00fcren.jpg\" class=\"attachment-full size-full wp-image-2222\" alt=\"Schwebet\u00fcrenschrank planen\" srcset=\"https:\/\/www.schrankplaner.de\/exklusiv\/wp-content\/uploads\/2020\/02\/Schwebet\u00fcrenschrank-drei-T\u00fcren.jpg 200w, https:\/\/www.schrankplaner.de\/exklusiv\/wp-content\/uploads\/2020\/02\/Schwebet\u00fcrenschrank-drei-T\u00fcren-150x150.jpg 150w\" sizes=\"(max-width: 200px) 100vw, 200px\" \/><figcaption class=\"uael-grid-img-content\"><div class=\"uael-grid-img-caption\"><div class=\"uael-grid-caption-text\">Schwebet\u00fcrenschrank planen<\/div><\/div><\/figcaption><\/div><div class=\"uael-grid-img-overlay\"><\/div><\/a><\/div><\/div><div class=\"uael-grid-item  uael-img-gallery-item-6\"><div class=\"uael-grid-item-content\"><a class=\"uael-grid-img uael-grid-gallery-img uael-ins-hover elementor-clickable\" target=\"_blank\" rel=\"dofollow\" href=\"https:\/\/www.schrankplaner.de\/konfigurator?id=Eckschrank\" data-elementor-open-lightbox=\"no\"><div class=\"uael-grid-img-thumbnail uael-ins-target\"><img loading=\"lazy\" decoding=\"async\" width=\"200\" height=\"200\" src=\"https:\/\/www.schrankplaner.de\/exklusiv\/wp-content\/uploads\/2020\/02\/Eckschrank.jpg\" class=\"attachment-full size-full wp-image-2218\" alt=\"Eckschrank planen\" srcset=\"https:\/\/www.schrankplaner.de\/exklusiv\/wp-content\/uploads\/2020\/02\/Eckschrank.jpg 200w, https:\/\/www.schrankplaner.de\/exklusiv\/wp-content\/uploads\/2020\/02\/Eckschrank-150x150.jpg 150w\" sizes=\"(max-width: 200px) 100vw, 200px\" \/><figcaption class=\"uael-grid-img-content\"><div class=\"uael-grid-img-caption\"><div class=\"uael-grid-caption-text\">Eckschrank planen<\/div><\/div><\/figcaption><\/div><div class=\"uael-grid-img-overlay\"><\/div><\/a><\/div><\/div><\/div><\/div>\t\t\t\t<\/div>\n\t\t\t\t<\/div>\n\t\t\t\t<div class=\"elementor-element elementor-element-38eabbb elementor-widget elementor-widget-global elementor-global-2462 elementor-widget-text-editor\" data-id=\"38eabbb\" data-element_type=\"widget\" data-widget_type=\"text-editor.default\">\n\t\t\t\t<div class=\"elementor-widget-container\">\n\t\t\t\t\t\t\t\t\t<p style=\"text-align: center;\">Modell antippen zum Weiterplanen im Konfigurator! Noch mehr Modelle <a title=\"Modell direkt im Konfigurator ausw\u00e4hlen\" href=\"https:\/\/www.schrankplaner.de\/konfigurator?id=Welcome\" target=\"_blank\" rel=\"noopener\">direkt im Konfigurator ausw\u00e4hlen<\/a>.<\/p>\t\t\t\t\t\t\t\t<\/div>\n\t\t\t\t<\/div>\n\t\t\t\t\t<\/div>\n\t\t<\/div>\n\t\t\t\t\t<\/div>\n\t\t<\/section>\n\t\t\t\t<section data-particle_enable=\"false\" data-particle-mobile-disabled=\"false\" class=\"elementor-section elementor-top-section elementor-element elementor-element-354a9b4 elementor-hidden-mobile elementor-section-boxed elementor-section-height-default elementor-section-height-default\" data-id=\"354a9b4\" data-element_type=\"section\" data-settings=\"{&quot;background_background&quot;:&quot;classic&quot;}\">\n\t\t\t\t\t\t<div class=\"elementor-container elementor-column-gap-default\">\n\t\t\t\t\t<div class=\"elementor-column elementor-col-16 elementor-top-column elementor-element elementor-element-7c3567f\" data-id=\"7c3567f\" data-element_type=\"column\">\n\t\t\t<div class=\"elementor-widget-wrap elementor-element-populated\">\n\t\t\t\t\t\t<div class=\"elementor-element elementor-element-5e65bb0 elementor-cta--tablet-layout-image-above elementor-cta--valign-middle elementor-widget-tablet__width-initial elementor-hidden-mobile elementor-cta--skin-classic elementor-animated-content elementor-bg-transform elementor-bg-transform-zoom-in elementor-widget elementor-widget-global elementor-global-2394 elementor-widget-call-to-action\" data-id=\"5e65bb0\" data-element_type=\"widget\" data-widget_type=\"call-to-action.default\">\n\t\t\t\t<div class=\"elementor-widget-container\">\n\t\t\t\t\t\t\t<a class=\"elementor-cta\" href=\"https:\/\/www.schrankplaner.de\/konfigurator?id=GeradeFrei\">\n\t\t\t\t\t<div class=\"elementor-cta__bg-wrapper\">\n\t\t\t\t<div class=\"elementor-cta__bg elementor-bg\" style=\"background-image: url(https:\/\/www.schrankplaner.de\/exklusiv\/wp-content\/uploads\/2020\/02\/Kleiderschrank-gerade.jpg);\" role=\"img\" aria-label=\"Geraden Schrank planen\"><\/div>\n\t\t\t\t<div class=\"elementor-cta__bg-overlay\"><\/div>\n\t\t\t<\/div>\n\t\t\t\t\t\t\t<div class=\"elementor-cta__content\">\n\t\t\t\t\n\t\t\t\t\n\t\t\t\t\t\t\t\t\t<div class=\"elementor-cta__description elementor-cta__content-item elementor-content-item\">\n\t\t\t\t\t\tGerader Schrank\t\t\t\t\t<\/div>\n\t\t\t\t\n\t\t\t\t\t\t\t\t\t<div class=\"elementor-cta__button-wrapper elementor-cta__content-item elementor-content-item \">\n\t\t\t\t\t<span class=\"elementor-cta__button elementor-button elementor-size-xs\">\n\t\t\t\t\t\tJetzt planen\t\t\t\t\t<\/span>\n\t\t\t\t\t<\/div>\n\t\t\t\t\t\t\t<\/div>\n\t\t\t\t\t\t<\/a>\n\t\t\t\t\t\t<\/div>\n\t\t\t\t<\/div>\n\t\t\t\t\t<\/div>\n\t\t<\/div>\n\t\t\t\t<div class=\"elementor-column elementor-col-16 elementor-top-column elementor-element elementor-element-ab49150\" data-id=\"ab49150\" data-element_type=\"column\">\n\t\t\t<div class=\"elementor-widget-wrap elementor-element-populated\">\n\t\t\t\t\t\t<div class=\"elementor-element elementor-element-7c67b86 elementor-cta--valign-middle elementor-widget-tablet__width-initial elementor-hidden-mobile elementor-cta--skin-classic elementor-animated-content elementor-bg-transform elementor-bg-transform-zoom-in elementor-widget elementor-widget-global elementor-global-2397 elementor-widget-call-to-action\" data-id=\"7c67b86\" data-element_type=\"widget\" data-widget_type=\"call-to-action.default\">\n\t\t\t\t<div class=\"elementor-widget-container\">\n\t\t\t\t\t\t\t<a class=\"elementor-cta\" href=\"https:\/\/www.schrankplaner.de\/konfigurator?id=SchraLinks\">\n\t\t\t\t\t<div class=\"elementor-cta__bg-wrapper\">\n\t\t\t\t<div class=\"elementor-cta__bg elementor-bg\" style=\"background-image: url(https:\/\/www.schrankplaner.de\/exklusiv\/wp-content\/uploads\/2020\/02\/Kleiderschrank-Schr\u00e4ge-links.jpg);\" role=\"img\" aria-label=\"Schrank Schr\u00e4ge links planen\"><\/div>\n\t\t\t\t<div class=\"elementor-cta__bg-overlay\"><\/div>\n\t\t\t<\/div>\n\t\t\t\t\t\t\t<div class=\"elementor-cta__content\">\n\t\t\t\t\n\t\t\t\t\n\t\t\t\t\t\t\t\t\t<div class=\"elementor-cta__description elementor-cta__content-item elementor-content-item\">\n\t\t\t\t\t\tSchrank Schr\u00e4ge Links\t\t\t\t\t<\/div>\n\t\t\t\t\n\t\t\t\t\t\t\t\t\t<div class=\"elementor-cta__button-wrapper elementor-cta__content-item elementor-content-item \">\n\t\t\t\t\t<span class=\"elementor-cta__button elementor-button elementor-size-xs\">\n\t\t\t\t\t\tJetzt planen\t\t\t\t\t<\/span>\n\t\t\t\t\t<\/div>\n\t\t\t\t\t\t\t<\/div>\n\t\t\t\t\t\t<\/a>\n\t\t\t\t\t\t<\/div>\n\t\t\t\t<\/div>\n\t\t\t\t\t<\/div>\n\t\t<\/div>\n\t\t\t\t<div class=\"elementor-column elementor-col-16 elementor-top-column elementor-element elementor-element-3166bc9\" data-id=\"3166bc9\" data-element_type=\"column\">\n\t\t\t<div class=\"elementor-widget-wrap elementor-element-populated\">\n\t\t\t\t\t\t<div class=\"elementor-element elementor-element-e9582c9 elementor-cta--valign-middle elementor-widget-tablet__width-initial elementor-hidden-mobile elementor-cta--skin-classic elementor-animated-content elementor-bg-transform elementor-bg-transform-zoom-in elementor-widget elementor-widget-global elementor-global-2400 elementor-widget-call-to-action\" data-id=\"e9582c9\" data-element_type=\"widget\" data-widget_type=\"call-to-action.default\">\n\t\t\t\t<div class=\"elementor-widget-container\">\n\t\t\t\t\t\t\t<a class=\"elementor-cta\" href=\"https:\/\/www.schrankplaner.de\/konfigurator?id=SchraRechts\">\n\t\t\t\t\t<div class=\"elementor-cta__bg-wrapper\">\n\t\t\t\t<div class=\"elementor-cta__bg elementor-bg\" style=\"background-image: url(https:\/\/www.schrankplaner.de\/exklusiv\/wp-content\/uploads\/2020\/02\/Kleiderschrank-Schr\u00e4ge-rechts.jpg);\" role=\"img\" aria-label=\"Schrank Schr\u00e4ge rechts planen\"><\/div>\n\t\t\t\t<div class=\"elementor-cta__bg-overlay\"><\/div>\n\t\t\t<\/div>\n\t\t\t\t\t\t\t<div class=\"elementor-cta__content\">\n\t\t\t\t\n\t\t\t\t\n\t\t\t\t\t\t\t\t\t<div class=\"elementor-cta__description elementor-cta__content-item elementor-content-item\">\n\t\t\t\t\t\tSchrank Schr\u00e4ge Rechts\t\t\t\t\t<\/div>\n\t\t\t\t\n\t\t\t\t\t\t\t\t\t<div class=\"elementor-cta__button-wrapper elementor-cta__content-item elementor-content-item \">\n\t\t\t\t\t<span class=\"elementor-cta__button elementor-button elementor-size-xs\">\n\t\t\t\t\t\tJetzt planen\t\t\t\t\t<\/span>\n\t\t\t\t\t<\/div>\n\t\t\t\t\t\t\t<\/div>\n\t\t\t\t\t\t<\/a>\n\t\t\t\t\t\t<\/div>\n\t\t\t\t<\/div>\n\t\t\t\t\t<\/div>\n\t\t<\/div>\n\t\t\t\t<div class=\"elementor-column elementor-col-16 elementor-top-column elementor-element elementor-element-030710b\" data-id=\"030710b\" data-element_type=\"column\">\n\t\t\t<div class=\"elementor-widget-wrap elementor-element-populated\">\n\t\t\t\t\t\t<div class=\"elementor-element elementor-element-982d326 elementor-cta--valign-middle elementor-widget-tablet__width-initial elementor-hidden-mobile elementor-cta--skin-classic elementor-animated-content elementor-bg-transform elementor-bg-transform-zoom-in elementor-widget elementor-widget-global elementor-global-2403 elementor-widget-call-to-action\" data-id=\"982d326\" data-element_type=\"widget\" data-widget_type=\"call-to-action.default\">\n\t\t\t\t<div class=\"elementor-widget-container\">\n\t\t\t\t\t\t\t<a class=\"elementor-cta\" href=\"https:\/\/www.schrankplaner.de\/konfigurator?id=SchraHinten\">\n\t\t\t\t\t<div class=\"elementor-cta__bg-wrapper\">\n\t\t\t\t<div class=\"elementor-cta__bg elementor-bg\" style=\"background-image: url(https:\/\/www.schrankplaner.de\/exklusiv\/wp-content\/uploads\/2020\/02\/Kleiderschrank-Schr\u00e4ge-hinten.jpg);\" role=\"img\" aria-label=\"Schrank Schr\u00e4ge hinten planen\"><\/div>\n\t\t\t\t<div class=\"elementor-cta__bg-overlay\"><\/div>\n\t\t\t<\/div>\n\t\t\t\t\t\t\t<div class=\"elementor-cta__content\">\n\t\t\t\t\n\t\t\t\t\n\t\t\t\t\t\t\t\t\t<div class=\"elementor-cta__description elementor-cta__content-item elementor-content-item\">\n\t\t\t\t\t\tSchrank Schr\u00e4ge Hinten\t\t\t\t\t<\/div>\n\t\t\t\t\n\t\t\t\t\t\t\t\t\t<div class=\"elementor-cta__button-wrapper elementor-cta__content-item elementor-content-item \">\n\t\t\t\t\t<span class=\"elementor-cta__button elementor-button elementor-size-xs\">\n\t\t\t\t\t\tJetzt planen\t\t\t\t\t<\/span>\n\t\t\t\t\t<\/div>\n\t\t\t\t\t\t\t<\/div>\n\t\t\t\t\t\t<\/a>\n\t\t\t\t\t\t<\/div>\n\t\t\t\t<\/div>\n\t\t\t\t\t<\/div>\n\t\t<\/div>\n\t\t\t\t<div class=\"elementor-column elementor-col-16 elementor-top-column elementor-element elementor-element-86205d9\" data-id=\"86205d9\" data-element_type=\"column\">\n\t\t\t<div class=\"elementor-widget-wrap elementor-element-populated\">\n\t\t\t\t\t\t<div class=\"elementor-element elementor-element-4c58de1 elementor-cta--valign-middle elementor-widget-tablet__width-initial elementor-hidden-mobile elementor-cta--skin-classic elementor-animated-content elementor-bg-transform elementor-bg-transform-zoom-in elementor-widget elementor-widget-global elementor-global-2406 elementor-widget-call-to-action\" data-id=\"4c58de1\" data-element_type=\"widget\" data-widget_type=\"call-to-action.default\">\n\t\t\t\t<div class=\"elementor-widget-container\">\n\t\t\t\t\t\t\t<a class=\"elementor-cta\" href=\"https:\/\/www.schrankplaner.de\/konfigurator?id=SchweSch3\">\n\t\t\t\t\t<div class=\"elementor-cta__bg-wrapper\">\n\t\t\t\t<div class=\"elementor-cta__bg elementor-bg\" style=\"background-image: url(https:\/\/www.schrankplaner.de\/exklusiv\/wp-content\/uploads\/2020\/02\/Schwebet\u00fcrenschrank-drei-T\u00fcren.jpg);\" role=\"img\" aria-label=\"Schwebet\u00fcrenschrank planen\"><\/div>\n\t\t\t\t<div class=\"elementor-cta__bg-overlay\"><\/div>\n\t\t\t<\/div>\n\t\t\t\t\t\t\t<div class=\"elementor-cta__content\">\n\t\t\t\t\n\t\t\t\t\n\t\t\t\t\t\t\t\t\t<div class=\"elementor-cta__description elementor-cta__content-item elementor-content-item\">\n\t\t\t\t\t\tSchwebet\u00fcrenschrank\t\t\t\t\t<\/div>\n\t\t\t\t\n\t\t\t\t\t\t\t\t\t<div class=\"elementor-cta__button-wrapper elementor-cta__content-item elementor-content-item \">\n\t\t\t\t\t<span class=\"elementor-cta__button elementor-button elementor-size-xs\">\n\t\t\t\t\t\tJetzt planen\t\t\t\t\t<\/span>\n\t\t\t\t\t<\/div>\n\t\t\t\t\t\t\t<\/div>\n\t\t\t\t\t\t<\/a>\n\t\t\t\t\t\t<\/div>\n\t\t\t\t<\/div>\n\t\t\t\t\t<\/div>\n\t\t<\/div>\n\t\t\t\t<div class=\"elementor-column elementor-col-16 elementor-top-column elementor-element elementor-element-1f617a5\" data-id=\"1f617a5\" data-element_type=\"column\">\n\t\t\t<div class=\"elementor-widget-wrap elementor-element-populated\">\n\t\t\t\t\t\t<div class=\"elementor-element elementor-element-027b0ad elementor-cta--valign-middle elementor-widget-tablet__width-initial elementor-hidden-mobile elementor-cta--skin-classic elementor-animated-content elementor-bg-transform elementor-bg-transform-zoom-in elementor-widget elementor-widget-global elementor-global-2409 elementor-widget-call-to-action\" data-id=\"027b0ad\" data-element_type=\"widget\" data-widget_type=\"call-to-action.default\">\n\t\t\t\t<div class=\"elementor-widget-container\">\n\t\t\t\t\t\t\t<a class=\"elementor-cta\" href=\"https:\/\/www.schrankplaner.de\/konfigurator?id=Eckschrank\">\n\t\t\t\t\t<div class=\"elementor-cta__bg-wrapper\">\n\t\t\t\t<div class=\"elementor-cta__bg elementor-bg\" style=\"background-image: url(https:\/\/www.schrankplaner.de\/exklusiv\/wp-content\/uploads\/2020\/02\/Eckschrank.jpg);\" role=\"img\" aria-label=\"Eckschrank planen\"><\/div>\n\t\t\t\t<div class=\"elementor-cta__bg-overlay\"><\/div>\n\t\t\t<\/div>\n\t\t\t\t\t\t\t<div class=\"elementor-cta__content\">\n\t\t\t\t\n\t\t\t\t\n\t\t\t\t\t\t\t\t\t<div class=\"elementor-cta__description elementor-cta__content-item elementor-content-item\">\n\t\t\t\t\t\tEckschrank\t\t\t\t\t<\/div>\n\t\t\t\t\n\t\t\t\t\t\t\t\t\t<div class=\"elementor-cta__button-wrapper elementor-cta__content-item elementor-content-item \">\n\t\t\t\t\t<span class=\"elementor-cta__button elementor-button elementor-size-xs\">\n\t\t\t\t\t\tJetzt planen\t\t\t\t\t<\/span>\n\t\t\t\t\t<\/div>\n\t\t\t\t\t\t\t<\/div>\n\t\t\t\t\t\t<\/a>\n\t\t\t\t\t\t<\/div>\n\t\t\t\t<\/div>\n\t\t\t\t\t<\/div>\n\t\t<\/div>\n\t\t\t\t\t<\/div>\n\t\t<\/section>\n\t\t\t\t<section data-particle_enable=\"false\" data-particle-mobile-disabled=\"false\" class=\"elementor-section elementor-top-section elementor-element elementor-element-9e79cf0 elementor-section-boxed elementor-section-height-default elementor-section-height-default\" data-id=\"9e79cf0\" data-element_type=\"section\">\n\t\t\t\t\t\t<div class=\"elementor-container elementor-column-gap-default\">\n\t\t\t\t\t<div class=\"elementor-column elementor-col-25 elementor-top-column elementor-element elementor-element-7185bcf\" data-id=\"7185bcf\" data-element_type=\"column\">\n\t\t\t<div class=\"elementor-widget-wrap elementor-element-populated\">\n\t\t\t\t\t\t<div class=\"elementor-element elementor-element-545867b elementor-widget elementor-widget-global elementor-global-2374 elementor-widget-image\" data-id=\"545867b\" data-element_type=\"widget\" data-widget_type=\"image.default\">\n\t\t\t\t<div class=\"elementor-widget-container\">\n\t\t\t\t\t\t\t\t\t\t\t\t\t\t\t<img loading=\"lazy\" decoding=\"async\" width=\"200\" height=\"50\" src=\"https:\/\/www.schrankplaner.de\/exklusiv\/wp-content\/uploads\/2020\/02\/Schreinerqualit\u00e4t.png\" class=\"attachment-large size-large wp-image-2351\" alt=\"Bezahlbare Schreinerqualit\u00e4t\" \/>\t\t\t\t\t\t\t\t\t\t\t\t\t\t\t<\/div>\n\t\t\t\t<\/div>\n\t\t\t\t\t<\/div>\n\t\t<\/div>\n\t\t\t\t<div class=\"elementor-column elementor-col-25 elementor-top-column elementor-element elementor-element-65d29d0\" data-id=\"65d29d0\" data-element_type=\"column\">\n\t\t\t<div class=\"elementor-widget-wrap elementor-element-populated\">\n\t\t\t\t\t\t<div class=\"elementor-element elementor-element-b5aee70 elementor-widget elementor-widget-global elementor-global-2413 elementor-widget-image\" data-id=\"b5aee70\" data-element_type=\"widget\" data-widget_type=\"image.default\">\n\t\t\t\t<div class=\"elementor-widget-container\">\n\t\t\t\t\t\t\t\t\t\t\t\t\t\t\t<img loading=\"lazy\" decoding=\"async\" width=\"200\" height=\"50\" src=\"https:\/\/www.schrankplaner.de\/exklusiv\/wp-content\/uploads\/2020\/02\/Made-in-Germany.png\" class=\"attachment-large size-large wp-image-2350\" alt=\"Fertigung in Deutschlnad\" \/>\t\t\t\t\t\t\t\t\t\t\t\t\t\t\t<\/div>\n\t\t\t\t<\/div>\n\t\t\t\t\t<\/div>\n\t\t<\/div>\n\t\t\t\t<div class=\"elementor-column elementor-col-25 elementor-top-column elementor-element elementor-element-690d1b8\" data-id=\"690d1b8\" data-element_type=\"column\">\n\t\t\t<div class=\"elementor-widget-wrap elementor-element-populated\">\n\t\t\t\t\t\t<div class=\"elementor-element elementor-element-47bc3aa elementor-widget elementor-widget-global elementor-global-2380 elementor-widget-image\" data-id=\"47bc3aa\" data-element_type=\"widget\" data-widget_type=\"image.default\">\n\t\t\t\t<div class=\"elementor-widget-container\">\n\t\t\t\t\t\t\t\t\t\t\t\t\t\t\t<img loading=\"lazy\" decoding=\"async\" width=\"205\" height=\"50\" src=\"https:\/\/www.schrankplaner.de\/exklusiv\/wp-content\/uploads\/2020\/02\/2-Mann-Lieferung.png\" class=\"attachment-large size-large wp-image-2349\" alt=\"Kostenfreie 2 Mann Lieferung\" \/>\t\t\t\t\t\t\t\t\t\t\t\t\t\t\t<\/div>\n\t\t\t\t<\/div>\n\t\t\t\t\t<\/div>\n\t\t<\/div>\n\t\t\t\t<div class=\"elementor-column elementor-col-25 elementor-top-column elementor-element elementor-element-86cd770\" data-id=\"86cd770\" data-element_type=\"column\">\n\t\t\t<div class=\"elementor-widget-wrap elementor-element-populated\">\n\t\t\t\t\t\t<div class=\"elementor-element elementor-element-0e800cc elementor-widget elementor-widget-global elementor-global-2377 elementor-widget-image\" data-id=\"0e800cc\" data-element_type=\"widget\" data-widget_type=\"image.default\">\n\t\t\t\t<div class=\"elementor-widget-container\">\n\t\t\t\t\t\t\t\t\t\t\t\t\t\t\t<img loading=\"lazy\" decoding=\"async\" width=\"200\" height=\"50\" src=\"https:\/\/www.schrankplaner.de\/exklusiv\/wp-content\/uploads\/2020\/02\/Kundenwertung.png\" class=\"attachment-large size-large wp-image-2356\" alt=\"Kundenbewertung\" \/>\t\t\t\t\t\t\t\t\t\t\t\t\t\t\t<\/div>\n\t\t\t\t<\/div>\n\t\t\t\t\t<\/div>\n\t\t<\/div>\n\t\t\t\t\t<\/div>\n\t\t<\/section>\n\t\t\t\t<section data-particle_enable=\"false\" data-particle-mobile-disabled=\"false\" class=\"elementor-section elementor-top-section elementor-element elementor-element-10dc9b40 elementor-section-boxed elementor-section-height-default elementor-section-height-default\" data-id=\"10dc9b40\" data-element_type=\"section\" data-settings=\"{&quot;background_background&quot;:&quot;classic&quot;}\">\n\t\t\t\t\t\t<div class=\"elementor-container elementor-column-gap-default\">\n\t\t\t\t\t<div class=\"elementor-column elementor-col-25 elementor-top-column elementor-element elementor-element-7781b9ec\" data-id=\"7781b9ec\" data-element_type=\"column\">\n\t\t\t<div class=\"elementor-widget-wrap elementor-element-populated\">\n\t\t\t\t\t\t<div class=\"elementor-element elementor-element-960c34c elementor-widget elementor-widget-global elementor-global-1268 elementor-widget-text-editor\" data-id=\"960c34c\" data-element_type=\"widget\" data-widget_type=\"text-editor.default\">\n\t\t\t\t<div class=\"elementor-widget-container\">\n\t\t\t\t\t\t\t\t\t<h4><em><span style=\"color: #ffffff;\">Service<\/span><\/em><\/h4>\n<br>\n<p style=\"padding-left: 40px;\"><span style=\"color: #ffffff;\"><a style=\"color: #ffffff;\" title=\"Expresslieferung\" href=\"https:\/\/www.schrankplaner.de\/expresslieferung\">Expresslieferung<\/a><\/span>\n<br>\n<span style=\"color: #ffffff;\"><a style=\"color: #ffffff;\" title=\"Musterdekore\" href=\"https:\/\/www.schrankplaner.de\/service\/musterdekore\">Musterdekore<\/a><\/span>\n<br>\n<span style=\"color: #ffffff;\"><a style=\"color: #ffffff;\" title=\"Aufma\u00dfanleitungen\" href=\"https:\/\/www.schrankplaner.de\/service\/aufmassanleitungen\">Aufma\u00dfanleitungen<\/a><\/span>\n<br>\n<span style=\"color: #ffffff;\"><a style=\"color: #ffffff;\" title=\"Aufbauanleitung\" href=\"https:\/\/www.schrankplaner.de\/kontakt\">Aufbauanleitung<\/a><\/span>\n<br>\n<span style=\"color: #ffffff;\"><a style=\"color: #ffffff;\" title=\"Beratung\" href=\"https:\/\/www.schrankplaner.de\/kontakt\">Beratung<\/a><\/span>\n<br>\n<span style=\"color: #ffffff;\"><a style=\"color: #ffffff;\" title=\"Ausstellung\" href=\"https:\/\/www.schrankplaner.de\/ausstellung-massmoebel-hersteller\">Ausstellung<\/a><\/span>\n<br>\n<span style=\"color: #ffffff;\"><a style=\"color: #ffffff;\" title=\"Aufma\u00dfservice\" href=\"https:\/\/www.schrankplaner.de\/service-aufmassservice\">Aufma\u00dfservice<\/a><\/span>\n<br>\n<span style=\"color: #ffffff;\"><a style=\"color: #ffffff;\" title=\"Montageservice\" href=\"https:\/\/www.schrankplaner.de\/service\/montageservice\">Montageservice<\/a><\/span>\n<br>\n<span style=\"color: #ffffff;\"><a style=\"color: #ffffff;\" title=\"Teile nachbestellen\" href=\"https:\/\/www.schrankplaner.de\/service\/nachbestellen\">Teile nachbestellen<\/a><\/span>\n<br>\n<span style=\"color: #ffffff;\"><a style=\"color: #ffffff;\" title=\"Lieferung und Verpackung\" href=\"https:\/\/www.schrankplaner.de\/service\/lieferung-verpackung\">Lieferung und Verpackung<\/a><\/span>\n<br>\n<span style=\"color: #ffffff;\"><a style=\"color: #ffffff;\" title=\"Sonderw\u00fcnsche\" href=\"https:\/\/www.schrankplaner.de\/service\/sonderwuensche\">Sonderw\u00fcnsche<\/a><\/span>\n<br>\n<span style=\"color: #ffffff;\"><a style=\"color: #ffffff;\" title=\"Auslandslieferung\" href=\"https:\/\/www.schrankplaner.de\/service\/auslandslieferung\">Auslandslieferung<\/a><\/span>\n<br>\n<span style=\"color: #ffffff;\"><a style=\"color: #ffffff;\" href=\"https:\/\/www.schrankplaner.de\/tischlerangebot-vergleichen\">Tischlerangebot vergleichen<\/a><\/span>\n<br>\n<span style=\"color: #ffffff;\"><a style=\"color: #ffffff;\" href=\"https:\/\/www.schrankplaner.de\/moebel-gutschein-bestellen\">Gutschein verschenken<\/a><\/span>\n<br>\n<span style=\"color: #ffffff;\"><a style=\"color: #ffffff;\" title=\"Rabatt Dekore\" href=\"https:\/\/www.schrankplaner.de\/aktions-dekore\">Aktions-Dekore<\/a><\/span>\n<br>\n<span style=\"color: #ffffff;\"><a style=\"color: #ffffff;\" title=\"H\u00e4ufige Fragen\" href=\"https:\/\/www.schrankplaner.de\/service\/faq\">H\u00e4ufige Fragen<\/a><\/span><\/p>\t\t\t\t\t\t\t\t<\/div>\n\t\t\t\t<\/div>\n\t\t\t\t\t<\/div>\n\t\t<\/div>\n\t\t\t\t<div class=\"elementor-column elementor-col-25 elementor-top-column elementor-element elementor-element-308c866\" data-id=\"308c866\" data-element_type=\"column\">\n\t\t\t<div class=\"elementor-widget-wrap elementor-element-populated\">\n\t\t\t\t\t\t<div class=\"elementor-element elementor-element-6a8979e elementor-widget elementor-widget-global elementor-global-1271 elementor-widget-text-editor\" data-id=\"6a8979e\" data-element_type=\"widget\" data-widget_type=\"text-editor.default\">\n\t\t\t\t<div class=\"elementor-widget-container\">\n\t\t\t\t\t\t\t\t\t<h4><span style=\"color: #ffffff;\"><em>Sicherheit<\/em><\/span><\/h4>\n<br>\n<p style=\"padding-left: 40px;\"><span style=\"color: #ffffff;\"><a style=\"color: #ffffff;\" title=\"5 Jahre Garantie\" href=\"https:\/\/www.schrankplaner.de\/5-jahre-garantie\">5 Jahre Garantie<\/a><\/span>\n<br>\n<span style=\"color: #ffffff;\"><a style=\"color: #ffffff;\" title=\"Zahlungsarten\" href=\"https:\/\/www.schrankplaner.de\/service\/zahlungsarten\">Zahlungsarten<\/a><\/span>\n<br>\n<span style=\"color: #ffffff;\"><a style=\"color: #ffffff;\" title=\"Kundenstimmen\" href=\"https:\/\/www.schrankplaner.de\/kundenstimmen\">Kundenstimmen<\/a><\/span>\n<br>\n<span style=\"color: #ffffff;\"><a style=\"color: #ffffff;\" title=\"Datenschutz\" href=\"https:\/\/www.schrankplaner.de\/datenschutz\">Datenschutz<\/a><\/span>\n<br>\n<a title=\"Ausgezeichnete Verarbeitung &amp; Teile\" href=\"https:\/\/www.schrankplaner.de\/qualitaet\"><span style=\"color: #ffffff;\">Ausgezeichnete Verarbeitung &amp; Teile<\/span><\/a><\/p>\t\t\t\t\t\t\t\t<\/div>\n\t\t\t\t<\/div>\n\t\t\t\t\t<\/div>\n\t\t<\/div>\n\t\t\t\t<div class=\"elementor-column elementor-col-25 elementor-top-column elementor-element elementor-element-44c59b65\" data-id=\"44c59b65\" data-element_type=\"column\">\n\t\t\t<div class=\"elementor-widget-wrap elementor-element-populated\">\n\t\t\t\t\t\t<div class=\"elementor-element elementor-element-3768ce5 elementor-widget elementor-widget-global elementor-global-1274 elementor-widget-text-editor\" data-id=\"3768ce5\" data-element_type=\"widget\" data-widget_type=\"text-editor.default\">\n\t\t\t\t<div class=\"elementor-widget-container\">\n\t\t\t\t\t\t\t\t\t<h4><span style=\"color: #ffffff;\"><em>Produkte<\/em><\/span><\/h4>\n<br>\n<p style=\"padding-left: 40px;\"><span style=\"color: #ffffff;\"><a style=\"color: #ffffff;\" title=\"Dachschr\u00e4genschrank\" href=\"https:\/\/www.schrankplaner.de\/dachschraegenschrank\" target=\"_self\">Dachschr\u00e4gen Schrank<\/a><\/span>\n<br>\n<span style=\"color: #ffffff;\"><a style=\"color: #ffffff;\" title=\"Kleiderschrank\" href=\"https:\/\/www.schrankplaner.de\/moebel-planen\/kleiderschrank\">Kleiderschrank<\/a><\/span>\n<br>\n<span style=\"color: #ffffff;\"><a style=\"color: #ffffff;\" title=\"Schwebet\u00fcrenschrank\" href=\"https:\/\/www.schrankplaner.de\/moebel-planen\/schwebetuerenschrank\">Schwebet\u00fcrenschrank<\/a><\/span>\n<br>\n<span style=\"color: #ffffff;\"><a style=\"color: #ffffff;\" title=\"Aktenschrank\" href=\"https:\/\/www.schrankplaner.de\/aktenschrank\">Aktenschrank<\/a><\/span>\n<br>\n<span style=\"color: #ffffff;\"><a style=\"color: #ffffff;\" title=\"Ankleide\" href=\"https:\/\/www.schrankplaner.de\/ankleide\">Ankleide<\/a><\/span>\n<br>\n<span style=\"color: #ffffff;\"><a style=\"color: #ffffff;\" title=\"Einbauschrank\" href=\"https:\/\/www.schrankplaner.de\/moebel-planen\/einbauschrank\">Einbauschrank<\/a><\/span>\n<br>\n<span style=\"color: #ffffff;\"><a style=\"color: #ffffff;\" title=\"Eckschrank\" href=\"https:\/\/www.schrankplaner.de\/moebel-planen\/eckschrank\">Eckschrank<\/a><\/span>\n<br>\n<span style=\"color: #ffffff;\"><a style=\"color: #ffffff;\" title=\"Regal\" href=\"https:\/\/www.schrankplaner.de\/moebel-planen\/regal\">Regal<\/a><\/span>\n<br>\n<span style=\"color: #ffffff;\"><a style=\"color: #ffffff;\" title=\"Schiebet\u00fcr\" href=\"https:\/\/www.schrankplaner.de\/moebel-planen\/schiebetuer\">Schiebet\u00fcr<\/a><\/span>\n<br>\n<span style=\"color: #ffffff;\"><a style=\"color: #ffffff;\" title=\"Sideboard\" href=\"https:\/\/www.schrankplaner.de\/moebel-planen\/sideboard\">Sideboard<\/a><\/span>\n<br>\n<span style=\"color: #ffffff;\"><a style=\"color: #ffffff;\" title=\"Kommode\" href=\"https:\/\/www.schrankplaner.de\/moebel-planen\/kommode\">Kommode<\/a><\/span>\n<br>\n<span style=\"color: #ffffff;\"><a style=\"color: #ffffff;\" title=\"H\u00e4ngeboard\" href=\"https:\/\/www.schrankplaner.de\/moebel-planen\/haengeboard\">H\u00e4ngeboard<\/a><\/span>\n<br>\n<a title=\"Tisch\" href=\"https:\/\/www.schrankplaner.de\/moebel-planen\/tisch-nach-mass\"><span style=\"color: #ffffff;\">Tisch<\/span><\/a><\/p>\t\t\t\t\t\t\t\t<\/div>\n\t\t\t\t<\/div>\n\t\t\t\t\t<\/div>\n\t\t<\/div>\n\t\t\t\t<div class=\"elementor-column elementor-col-25 elementor-top-column elementor-element elementor-element-5fc77fe5\" data-id=\"5fc77fe5\" data-element_type=\"column\">\n\t\t\t<div class=\"elementor-widget-wrap elementor-element-populated\">\n\t\t\t\t\t\t<div class=\"elementor-element elementor-element-39a7b4e elementor-widget elementor-widget-global elementor-global-1277 elementor-widget-text-editor\" data-id=\"39a7b4e\" data-element_type=\"widget\" data-widget_type=\"text-editor.default\">\n\t\t\t\t<div class=\"elementor-widget-container\">\n\t\t\t\t\t\t\t\t\t<h4><span style=\"color: #ffffff;\"><em>Unternehmen<\/em><\/span><\/h4>\n<br>\n<p style=\"padding-left: 40px;\"><span style=\"color: #ffffff;\"><a style=\"color: #ffffff;\" title=\"Impressum\" href=\"https:\/\/www.schrankplaner.de\/impressum\">Impressum<\/a><\/span>\n<br>\n<span style=\"color: #ffffff;\"><a style=\"color: #ffffff;\" title=\"AGB\" href=\"https:\/\/www.schrankplaner.de\/agb\">AGB<\/a><\/span>\n<br>\n<span style=\"color: #ffffff;\"><a style=\"color: #ffffff;\" title=\"Kontakt\" href=\"https:\/\/www.schrankplaner.de\/kontakt\">Kontakt<\/a><\/span>\n<br>\n<span style=\"color: #ffffff;\"><a style=\"color: #ffffff;\" title=\"Das Schrankplaner System\" href=\"https:\/\/www.schrankplaner.de\/schrankplaner-system\">Das Schrankplaner System<\/a><\/span>\n<br>\n<span style=\"color: #ffffff;\"><a style=\"color: #ffffff;\" title=\"Schrankplaner im Tv\" href=\"https:\/\/www.schrankplaner.de\/schrankplaner-im-tv\">Schrankplaner im Tv<\/a><\/span>\n<br>\n<span style=\"color: #ffffff;\"><a style=\"color: #ffffff;\" title=\"Themen\u00fcbersicht\" href=\"https:\/\/www.schrankplaner.de\/sitemap\">Themen\u00fcbersicht<\/a><\/span>\n<br>\n<span style=\"color: #ffffff;\"><a style=\"color: #ffffff;\" title=\"Jobs\" href=\"https:\/\/www.schrankplaner.de\/jobs\">Jobs<\/a><\/span>\n<br>\n<span style=\"color: #ffffff;\"><a style=\"color: #ffffff;\" href=\"https:\/\/www.schrankplaner.de\/objekteinrichtung-nach-mass\">B2B Objekteinrichtung<\/a><\/span>\n<br>\n<a title=\"M\u00f6belteile f\u00fcr Tischler &amp; Schreiner nach Ma\u00df\" href=\"https:\/\/www.schrankplaner.de\/mobelfertigteile-fuer-schreiner-tischler-nach-mass\"><span style=\"color: #ffffff;\">M\u00f6belfertigteile f\u00fcr Schreiner<\/span><\/a><\/p>\t\t\t\t\t\t\t\t<\/div>\n\t\t\t\t<\/div>\n\t\t\t\t\t<\/div>\n\t\t<\/div>\n\t\t\t\t\t<\/div>\n\t\t<\/section>\n\t\t\t\t<section data-particle_enable=\"false\" data-particle-mobile-disabled=\"false\" class=\"elementor-section elementor-top-section elementor-element elementor-element-5393daaa elementor-section-boxed elementor-section-height-default elementor-section-height-default\" data-id=\"5393daaa\" data-element_type=\"section\">\n\t\t\t\t\t\t<div class=\"elementor-container elementor-column-gap-default\">\n\t\t\t\t\t<div class=\"elementor-column elementor-col-100 elementor-top-column elementor-element elementor-element-2b8b2d6b\" data-id=\"2b8b2d6b\" data-element_type=\"column\">\n\t\t\t<div class=\"elementor-widget-wrap\">\n\t\t\t\t\t\t\t<\/div>\n\t\t<\/div>\n\t\t\t\t\t<\/div>\n\t\t<\/section>\n\t\t\t\t<section data-particle_enable=\"false\" data-particle-mobile-disabled=\"false\" class=\"elementor-section elementor-top-section elementor-element elementor-element-1917fb8 elementor-section-height-min-height elementor-section-content-middle elementor-hidden-desktop elementor-hidden-tablet elementor-section-boxed elementor-section-height-default elementor-section-items-middle\" data-id=\"1917fb8\" data-element_type=\"section\" data-settings=\"{&quot;background_background&quot;:&quot;classic&quot;,&quot;sticky&quot;:&quot;bottom&quot;,&quot;sticky_on&quot;:[&quot;mobile&quot;],&quot;sticky_offset&quot;:0,&quot;sticky_effects_offset&quot;:0,&quot;sticky_anchor_link_offset&quot;:0}\">\n\t\t\t\t\t\t<div class=\"elementor-container elementor-column-gap-no\">\n\t\t\t\t\t<div class=\"elementor-column elementor-col-100 elementor-top-column elementor-element elementor-element-dd3f4fb\" data-id=\"dd3f4fb\" data-element_type=\"column\">\n\t\t\t<div class=\"elementor-widget-wrap elementor-element-populated\">\n\t\t\t\t\t\t<div class=\"elementor-element elementor-element-dc62412 elementor-widget elementor-widget-global elementor-global-1655 elementor-widget-image\" data-id=\"dc62412\" data-element_type=\"widget\" data-widget_type=\"image.default\">\n\t\t\t\t<div class=\"elementor-widget-container\">\n\t\t\t\t\t\t\t\t\t\t\t\t\t\t\t\t<a href=\"https:\/\/www.schrankplaner.de\/service\/musterdekore\/\">\n\t\t\t\t\t\t\t<img loading=\"lazy\" decoding=\"async\" width=\"500\" height=\"147\" src=\"https:\/\/www.schrankplaner.de\/exklusiv\/wp-content\/uploads\/2020\/02\/Musterpaket_Mobile.png\" class=\"attachment-full size-full wp-image-1640\" alt=\"Musterpaket_Mobile\" srcset=\"https:\/\/www.schrankplaner.de\/exklusiv\/wp-content\/uploads\/2020\/02\/Musterpaket_Mobile.png 500w, https:\/\/www.schrankplaner.de\/exklusiv\/wp-content\/uploads\/2020\/02\/Musterpaket_Mobile-300x88.png 300w\" sizes=\"(max-width: 500px) 100vw, 500px\" \/>\t\t\t\t\t\t\t\t<\/a>\n\t\t\t\t\t\t\t\t\t\t\t\t\t\t\t<\/div>\n\t\t\t\t<\/div>\n\t\t\t\t\t<\/div>\n\t\t<\/div>\n\t\t\t\t\t<\/div>\n\t\t<\/section>\n\t\t\t\t<section data-particle_enable=\"false\" data-particle-mobile-disabled=\"false\" class=\"elementor-section elementor-top-section elementor-element elementor-element-fd3a362 elementor-section-height-min-height elementor-section-content-middle elementor-hidden-phone elementor-section-boxed elementor-section-height-default elementor-section-items-middle\" data-id=\"fd3a362\" data-element_type=\"section\" data-settings=\"{&quot;background_background&quot;:&quot;classic&quot;,&quot;sticky&quot;:&quot;bottom&quot;,&quot;sticky_on&quot;:[&quot;desktop&quot;,&quot;tablet&quot;],&quot;sticky_offset&quot;:0,&quot;sticky_effects_offset&quot;:0,&quot;sticky_anchor_link_offset&quot;:0}\">\n\t\t\t\t\t\t<div class=\"elementor-container elementor-column-gap-no\">\n\t\t\t\t\t<div class=\"elementor-column elementor-col-16 elementor-top-column elementor-element elementor-element-7f5312c\" data-id=\"7f5312c\" data-element_type=\"column\">\n\t\t\t<div class=\"elementor-widget-wrap elementor-element-populated\">\n\t\t\t\t\t\t<div class=\"elementor-element elementor-element-280dfb9 elementor-hidden-mobile elementor-widget elementor-widget-global elementor-global-1646 elementor-widget-image\" data-id=\"280dfb9\" data-element_type=\"widget\" data-widget_type=\"image.default\">\n\t\t\t\t<div class=\"elementor-widget-container\">\n\t\t\t\t\t\t\t\t\t\t\t\t\t\t\t<img loading=\"lazy\" decoding=\"async\" width=\"454\" height=\"101\" src=\"https:\/\/www.schrankplaner.de\/exklusiv\/wp-content\/uploads\/2020\/02\/logo_hochwertige_m\u00f6bel_nach_ma\u00df.png\" class=\"attachment-full size-full wp-image-1486\" alt=\"hochwertige_m\u00f6bel_nach_ma\u00df\" srcset=\"https:\/\/www.schrankplaner.de\/exklusiv\/wp-content\/uploads\/2020\/02\/logo_hochwertige_m\u00f6bel_nach_ma\u00df.png 454w, https:\/\/www.schrankplaner.de\/exklusiv\/wp-content\/uploads\/2020\/02\/logo_hochwertige_m\u00f6bel_nach_ma\u00df-300x67.png 300w\" sizes=\"(max-width: 454px) 100vw, 454px\" \/>\t\t\t\t\t\t\t\t\t\t\t\t\t\t\t<\/div>\n\t\t\t\t<\/div>\n\t\t\t\t\t<\/div>\n\t\t<\/div>\n\t\t\t\t<div class=\"elementor-column elementor-col-66 elementor-top-column elementor-element elementor-element-6a76193 elementor-hidden-phone\" data-id=\"6a76193\" data-element_type=\"column\">\n\t\t\t<div class=\"elementor-widget-wrap elementor-element-populated\">\n\t\t\t\t\t\t<div class=\"elementor-element elementor-element-f26b592 elementor-hidden-mobile elementor-position-top elementor-widget elementor-widget-global elementor-global-1649 elementor-widget-image-box\" data-id=\"f26b592\" data-element_type=\"widget\" data-widget_type=\"image-box.default\">\n\t\t\t\t<div class=\"elementor-widget-container\">\n\t\t\t\t\t<div class=\"elementor-image-box-wrapper\"><figure class=\"elementor-image-box-img\"><img loading=\"lazy\" decoding=\"async\" width=\"800\" height=\"114\" src=\"https:\/\/www.schrankplaner.de\/exklusiv\/wp-content\/uploads\/2020\/02\/Schraenke-wechseln.png\" class=\"elementor-animation-wobble-vertical attachment-full size-full wp-image-2621\" alt=\"Schraenke-wechseln\" srcset=\"https:\/\/www.schrankplaner.de\/exklusiv\/wp-content\/uploads\/2020\/02\/Schraenke-wechseln.png 800w, https:\/\/www.schrankplaner.de\/exklusiv\/wp-content\/uploads\/2020\/02\/Schraenke-wechseln-300x43.png 300w, https:\/\/www.schrankplaner.de\/exklusiv\/wp-content\/uploads\/2020\/02\/Schraenke-wechseln-768x109.png 768w\" sizes=\"(max-width: 800px) 100vw, 800px\" \/><\/figure><\/div>\t\t\t\t<\/div>\n\t\t\t\t<\/div>\n\t\t\t\t\t<\/div>\n\t\t<\/div>\n\t\t\t\t<div class=\"elementor-column elementor-col-16 elementor-top-column elementor-element elementor-element-8b99a51\" data-id=\"8b99a51\" data-element_type=\"column\">\n\t\t\t<div class=\"elementor-widget-wrap elementor-element-populated\">\n\t\t\t\t\t\t<div class=\"elementor-element elementor-element-68665d4 elementor-hidden-mobile elementor-widget elementor-widget-global elementor-global-1652 elementor-widget-image\" data-id=\"68665d4\" data-element_type=\"widget\" data-widget_type=\"image.default\">\n\t\t\t\t<div class=\"elementor-widget-container\">\n\t\t\t\t\t\t\t\t\t\t\t\t\t\t\t\t<a href=\"https:\/\/www.schrankplaner.de\/service\/musterdekore\/\">\n\t\t\t\t\t\t\t<img loading=\"lazy\" decoding=\"async\" width=\"300\" height=\"300\" src=\"https:\/\/www.schrankplaner.de\/exklusiv\/wp-content\/uploads\/2020\/02\/Musterpaket_V2.png\" class=\"elementor-animation-buzz-out attachment-full size-full wp-image-1463\" alt=\"Kostenloses Musterpaket\" srcset=\"https:\/\/www.schrankplaner.de\/exklusiv\/wp-content\/uploads\/2020\/02\/Musterpaket_V2.png 300w, https:\/\/www.schrankplaner.de\/exklusiv\/wp-content\/uploads\/2020\/02\/Musterpaket_V2-150x150.png 150w\" sizes=\"(max-width: 300px) 100vw, 300px\" \/>\t\t\t\t\t\t\t\t<\/a>\n\t\t\t\t\t\t\t\t\t\t\t\t\t\t\t<\/div>\n\t\t\t\t<\/div>\n\t\t\t\t\t<\/div>\n\t\t<\/div>\n\t\t\t\t\t<\/div>\n\t\t<\/section>\n\t\t\t\t<section data-particle_enable=\"false\" data-particle-mobile-disabled=\"false\" class=\"elementor-section elementor-top-section elementor-element elementor-element-2283ba4e elementor-section-boxed elementor-section-height-default elementor-section-height-default\" data-id=\"2283ba4e\" data-element_type=\"section\" data-settings=\"{&quot;background_background&quot;:&quot;classic&quot;}\">\n\t\t\t\t\t\t<div class=\"elementor-container elementor-column-gap-default\">\n\t\t\t\t\t<div class=\"elementor-column elementor-col-100 elementor-top-column elementor-element elementor-element-504adb4c\" data-id=\"504adb4c\" data-element_type=\"column\">\n\t\t\t<div class=\"elementor-widget-wrap elementor-element-populated\">\n\t\t\t\t\t\t<div class=\"elementor-element elementor-element-2b2e2ca elementor-widget elementor-widget-global elementor-global-1280 elementor-widget-text-editor\" data-id=\"2b2e2ca\" data-element_type=\"widget\" data-widget_type=\"text-editor.default\">\n\t\t\t\t<div class=\"elementor-widget-container\">\n\t\t\t\t\t\t\t\t\t<sub>\u00a9 2024 schrankplaner.de. All Rights Reserved.<\/sub>\t\t\t\t\t\t\t\t<\/div>\n\t\t\t\t<\/div>\n\t\t\t\t\t<\/div>\n\t\t<\/div>\n\t\t\t\t\t<\/div>\n\t\t<\/section>\n\t\t\t\t<\/div>\n\t\t","protected":false},"excerpt":{"rendered":"<p>Raus mit allen Winter- und Sommersachen aus dem Aufbewahrungsm\u00f6bel und den Kleiderschrank ausmisten \/ umr\u00e4umen und zwar gr\u00fcndlich. Wir geben Tipps<\/p>\n","protected":false},"author":2,"featured_media":2884,"comment_status":"closed","ping_status":"open","sticky":false,"template":"elementor_canvas","format":"standard","meta":{"site-sidebar-layout":"default","site-content-layout":"default","ast-site-content-layout":"","site-content-style":"default","site-sidebar-style":"default","ast-global-header-display":"","ast-banner-title-visibility":"","ast-main-header-display":"","ast-hfb-above-header-display":"","ast-hfb-below-header-display":"","ast-hfb-mobile-header-display":"","site-post-title":"","ast-breadcrumbs-content":"","ast-featured-img":"","footer-sml-layout":"","theme-transparent-header-meta":"default","adv-header-id-meta":"","stick-header-meta":"","header-above-stick-meta":"","header-main-stick-meta":"","header-below-stick-meta":"","astra-migrate-meta-layouts":"default","ast-page-background-enabled":"default","ast-page-background-meta":{"desktop":{"background-color":"var(--ast-global-color-4)","background-image":"","background-repeat":"repeat","background-position":"center center","background-size":"auto","background-attachment":"scroll","background-type":"","background-media":"","overlay-type":"","overlay-color":"","overlay-opacity":"","overlay-gradient":""},"tablet":{"background-color":"","background-image":"","background-repeat":"repeat","background-position":"center center","background-size":"auto","background-attachment":"scroll","background-type":"","background-media":"","overlay-type":"","overlay-color":"","overlay-opacity":"","overlay-gradient":""},"mobile":{"background-color":"","background-image":"","background-repeat":"repeat","background-position":"center center","background-size":"auto","background-attachment":"scroll","background-type":"","background-media":"","overlay-type":"","overlay-color":"","overlay-opacity":"","overlay-gradient":""}},"ast-content-background-meta":{"desktop":{"background-color":"var(--ast-global-color-5)","background-image":"","background-repeat":"repeat","background-position":"center center","background-size":"auto","background-attachment":"scroll","background-type":"","background-media":"","overlay-type":"","overlay-color":"","overlay-opacity":"","overlay-gradient":""},"tablet":{"background-color":"var(--ast-global-color-5)","background-image":"","background-repeat":"repeat","background-position":"center center","background-size":"auto","background-attachment":"scroll","background-type":"","background-media":"","overlay-type":"","overlay-color":"","overlay-opacity":"","overlay-gradient":""},"mobile":{"background-color":"var(--ast-global-color-5)","background-image":"","background-repeat":"repeat","background-position":"center center","background-size":"auto","background-attachment":"scroll","background-type":"","background-media":"","overlay-type":"","overlay-color":"","overlay-opacity":"","overlay-gradient":""}},"footnotes":""},"categories":[55,56],"tags":[97,99,96,102,98,100,101],"class_list":["post-2880","post","type-post","status-publish","format-standard","has-post-thumbnail","hentry","category-ordnung-im-schrank","category-themen","tag-ausmisten","tag-einraeumen","tag-kleiderschrank","tag-sommer","tag-umraeumen","tag-umstellen","tag-winter"],"yoast_head":"<!-- This site is optimized with the Yoast SEO plugin v26.9 - https:\/\/yoast.com\/product\/yoast-seo-wordpress\/ -->\n<title>Kleiderschrank von Winter auf Sommer umstellen, ausmisten, umr\u00e4umen<\/title>\n<meta name=\"description\" content=\"Raus mit allen Winter- und Sommersachen aus dem Aufbewahrungsm\u00f6bel und den Kleiderschrank ausmisten - umr\u00e4umen und zwar gr\u00fcndlich. Tipps gibt\u00b4s hier\" \/>\n<meta name=\"robots\" content=\"index, follow, max-snippet:-1, max-image-preview:large, max-video-preview:-1\" \/>\n<link rel=\"canonical\" href=\"https:\/\/www.schrankplaner.de\/exklusiv\/kleiderschrank-winter-zu-sommer-umstellen-umraeumen-ausmisten\/\" \/>\n<meta property=\"og:locale\" content=\"de_DE\" \/>\n<meta property=\"og:type\" content=\"article\" \/>\n<meta property=\"og:title\" content=\"Kleiderschrank von Winter auf Sommer umstellen, ausmisten, umr\u00e4umen\" \/>\n<meta property=\"og:description\" content=\"Raus mit allen Winter- und Sommersachen aus dem Aufbewahrungsm\u00f6bel und den Kleiderschrank ausmisten - umr\u00e4umen und zwar gr\u00fcndlich. Tipps gibt\u00b4s hier\" \/>\n<meta property=\"og:url\" content=\"https:\/\/www.schrankplaner.de\/exklusiv\/kleiderschrank-winter-zu-sommer-umstellen-umraeumen-ausmisten\/\" \/>\n<meta property=\"og:site_name\" content=\"Schrankplaner Exklusiv\" \/>\n<meta property=\"article:published_time\" content=\"2021-05-17T10:32:16+00:00\" \/>\n<meta property=\"article:modified_time\" content=\"2025-06-18T11:43:20+00:00\" \/>\n<meta property=\"og:image\" content=\"https:\/\/www.schrankplaner.de\/exklusiv\/wp-content\/uploads\/2021\/05\/Kleiderschrank_auf_Sommer_umstellen_Slider.jpg\" \/>\n\t<meta property=\"og:image:width\" content=\"1900\" \/>\n\t<meta property=\"og:image:height\" content=\"505\" \/>\n\t<meta property=\"og:image:type\" content=\"image\/jpeg\" \/>\n<meta name=\"author\" content=\"Paul\" \/>\n<meta name=\"twitter:card\" content=\"summary_large_image\" \/>\n<meta name=\"twitter:label1\" content=\"Geschrieben von\" \/>\n\t<meta name=\"twitter:data1\" content=\"Paul\" \/>\n\t<meta name=\"twitter:label2\" content=\"Gesch\u00e4tzte Lesezeit\" \/>\n\t<meta name=\"twitter:data2\" content=\"13\u00a0Minuten\" \/>\n<script type=\"application\/ld+json\" class=\"yoast-schema-graph\">{\"@context\":\"https:\/\/schema.org\",\"@graph\":[{\"@type\":\"Article\",\"@id\":\"https:\/\/www.schrankplaner.de\/exklusiv\/kleiderschrank-winter-zu-sommer-umstellen-umraeumen-ausmisten\/#article\",\"isPartOf\":{\"@id\":\"https:\/\/www.schrankplaner.de\/exklusiv\/kleiderschrank-winter-zu-sommer-umstellen-umraeumen-ausmisten\/\"},\"author\":{\"name\":\"Paul\",\"@id\":\"https:\/\/www.schrankplaner.de\/exklusiv\/#\/schema\/person\/6892ccd1b8543a2031229f3b609b5c31\"},\"headline\":\"Kleiderschrank von Winter auf Sommer umstellen, ausmisten, umr\u00e4umen\",\"datePublished\":\"2021-05-17T10:32:16+00:00\",\"dateModified\":\"2025-06-18T11:43:20+00:00\",\"mainEntityOfPage\":{\"@id\":\"https:\/\/www.schrankplaner.de\/exklusiv\/kleiderschrank-winter-zu-sommer-umstellen-umraeumen-ausmisten\/\"},\"wordCount\":1084,\"publisher\":{\"@id\":\"https:\/\/www.schrankplaner.de\/exklusiv\/#organization\"},\"image\":{\"@id\":\"https:\/\/www.schrankplaner.de\/exklusiv\/kleiderschrank-winter-zu-sommer-umstellen-umraeumen-ausmisten\/#primaryimage\"},\"thumbnailUrl\":\"https:\/\/www.schrankplaner.de\/exklusiv\/wp-content\/uploads\/2021\/05\/Kleiderschrank_auf_Sommer_umstellen_Slider.jpg\",\"keywords\":[\"ausmisten\",\"einr\u00e4umen\",\"Kleiderschrank\",\"Sommer\",\"umr\u00e4umen\",\"umstellen\",\"Winter\"],\"articleSection\":[\"Ordnung im Schrank\",\"Themen\"],\"inLanguage\":\"de\"},{\"@type\":\"WebPage\",\"@id\":\"https:\/\/www.schrankplaner.de\/exklusiv\/kleiderschrank-winter-zu-sommer-umstellen-umraeumen-ausmisten\/\",\"url\":\"https:\/\/www.schrankplaner.de\/exklusiv\/kleiderschrank-winter-zu-sommer-umstellen-umraeumen-ausmisten\/\",\"name\":\"Kleiderschrank von Winter auf Sommer umstellen, ausmisten, umr\u00e4umen\",\"isPartOf\":{\"@id\":\"https:\/\/www.schrankplaner.de\/exklusiv\/#website\"},\"primaryImageOfPage\":{\"@id\":\"https:\/\/www.schrankplaner.de\/exklusiv\/kleiderschrank-winter-zu-sommer-umstellen-umraeumen-ausmisten\/#primaryimage\"},\"image\":{\"@id\":\"https:\/\/www.schrankplaner.de\/exklusiv\/kleiderschrank-winter-zu-sommer-umstellen-umraeumen-ausmisten\/#primaryimage\"},\"thumbnailUrl\":\"https:\/\/www.schrankplaner.de\/exklusiv\/wp-content\/uploads\/2021\/05\/Kleiderschrank_auf_Sommer_umstellen_Slider.jpg\",\"datePublished\":\"2021-05-17T10:32:16+00:00\",\"dateModified\":\"2025-06-18T11:43:20+00:00\",\"description\":\"Raus mit allen Winter- und Sommersachen aus dem Aufbewahrungsm\u00f6bel und den Kleiderschrank ausmisten - umr\u00e4umen und zwar gr\u00fcndlich. Tipps gibt\u00b4s hier\",\"breadcrumb\":{\"@id\":\"https:\/\/www.schrankplaner.de\/exklusiv\/kleiderschrank-winter-zu-sommer-umstellen-umraeumen-ausmisten\/#breadcrumb\"},\"inLanguage\":\"de\",\"potentialAction\":[{\"@type\":\"ReadAction\",\"target\":[\"https:\/\/www.schrankplaner.de\/exklusiv\/kleiderschrank-winter-zu-sommer-umstellen-umraeumen-ausmisten\/\"]}]},{\"@type\":\"ImageObject\",\"inLanguage\":\"de\",\"@id\":\"https:\/\/www.schrankplaner.de\/exklusiv\/kleiderschrank-winter-zu-sommer-umstellen-umraeumen-ausmisten\/#primaryimage\",\"url\":\"https:\/\/www.schrankplaner.de\/exklusiv\/wp-content\/uploads\/2021\/05\/Kleiderschrank_auf_Sommer_umstellen_Slider.jpg\",\"contentUrl\":\"https:\/\/www.schrankplaner.de\/exklusiv\/wp-content\/uploads\/2021\/05\/Kleiderschrank_auf_Sommer_umstellen_Slider.jpg\",\"width\":1900,\"height\":505,\"caption\":\"Kleiderschrank auf Sommer umstellen, einr\u00e4umen, ausmisten\"},{\"@type\":\"BreadcrumbList\",\"@id\":\"https:\/\/www.schrankplaner.de\/exklusiv\/kleiderschrank-winter-zu-sommer-umstellen-umraeumen-ausmisten\/#breadcrumb\",\"itemListElement\":[{\"@type\":\"ListItem\",\"position\":1,\"name\":\"Startseite\",\"item\":\"https:\/\/www.schrankplaner.de\/exklusiv\/\"},{\"@type\":\"ListItem\",\"position\":2,\"name\":\"Kleiderschrank von Winter auf Sommer umstellen, ausmisten, umr\u00e4umen\"}]},{\"@type\":\"WebSite\",\"@id\":\"https:\/\/www.schrankplaner.de\/exklusiv\/#website\",\"url\":\"https:\/\/www.schrankplaner.de\/exklusiv\/\",\"name\":\"Schrankplaner Exklusiv\",\"description\":\"\",\"publisher\":{\"@id\":\"https:\/\/www.schrankplaner.de\/exklusiv\/#organization\"},\"potentialAction\":[{\"@type\":\"SearchAction\",\"target\":{\"@type\":\"EntryPoint\",\"urlTemplate\":\"https:\/\/www.schrankplaner.de\/exklusiv\/?s={search_term_string}\"},\"query-input\":{\"@type\":\"PropertyValueSpecification\",\"valueRequired\":true,\"valueName\":\"search_term_string\"}}],\"inLanguage\":\"de\"},{\"@type\":\"Organization\",\"@id\":\"https:\/\/www.schrankplaner.de\/exklusiv\/#organization\",\"name\":\"Schrankplaner Exklusiv\",\"url\":\"https:\/\/www.schrankplaner.de\/exklusiv\/\",\"logo\":{\"@type\":\"ImageObject\",\"inLanguage\":\"de\",\"@id\":\"https:\/\/www.schrankplaner.de\/exklusiv\/#\/schema\/logo\/image\/\",\"url\":\"https:\/\/www.schrankplaner.de\/exklusiv\/wp-content\/uploads\/2020\/02\/cropped-Logo-Schrankplaner-Exklusiv.png\",\"contentUrl\":\"https:\/\/www.schrankplaner.de\/exklusiv\/wp-content\/uploads\/2020\/02\/cropped-Logo-Schrankplaner-Exklusiv.png\",\"width\":61,\"height\":61,\"caption\":\"Schrankplaner Exklusiv\"},\"image\":{\"@id\":\"https:\/\/www.schrankplaner.de\/exklusiv\/#\/schema\/logo\/image\/\"}},{\"@type\":\"Person\",\"@id\":\"https:\/\/www.schrankplaner.de\/exklusiv\/#\/schema\/person\/6892ccd1b8543a2031229f3b609b5c31\",\"name\":\"Paul\"}]}<\/script>\n<!-- \/ Yoast SEO plugin. -->","yoast_head_json":{"title":"Kleiderschrank von Winter auf Sommer umstellen, ausmisten, umr\u00e4umen","description":"Raus mit allen Winter- und Sommersachen aus dem Aufbewahrungsm\u00f6bel und den Kleiderschrank ausmisten - umr\u00e4umen und zwar gr\u00fcndlich. Tipps gibt\u00b4s hier","robots":{"index":"index","follow":"follow","max-snippet":"max-snippet:-1","max-image-preview":"max-image-preview:large","max-video-preview":"max-video-preview:-1"},"canonical":"https:\/\/www.schrankplaner.de\/exklusiv\/kleiderschrank-winter-zu-sommer-umstellen-umraeumen-ausmisten\/","og_locale":"de_DE","og_type":"article","og_title":"Kleiderschrank von Winter auf Sommer umstellen, ausmisten, umr\u00e4umen","og_description":"Raus mit allen Winter- und Sommersachen aus dem Aufbewahrungsm\u00f6bel und den Kleiderschrank ausmisten - umr\u00e4umen und zwar gr\u00fcndlich. Tipps gibt\u00b4s hier","og_url":"https:\/\/www.schrankplaner.de\/exklusiv\/kleiderschrank-winter-zu-sommer-umstellen-umraeumen-ausmisten\/","og_site_name":"Schrankplaner Exklusiv","article_published_time":"2021-05-17T10:32:16+00:00","article_modified_time":"2025-06-18T11:43:20+00:00","og_image":[{"width":1900,"height":505,"url":"https:\/\/www.schrankplaner.de\/exklusiv\/wp-content\/uploads\/2021\/05\/Kleiderschrank_auf_Sommer_umstellen_Slider.jpg","type":"image\/jpeg"}],"author":"Paul","twitter_card":"summary_large_image","twitter_misc":{"Geschrieben von":"Paul","Gesch\u00e4tzte Lesezeit":"13\u00a0Minuten"},"schema":{"@context":"https:\/\/schema.org","@graph":[{"@type":"Article","@id":"https:\/\/www.schrankplaner.de\/exklusiv\/kleiderschrank-winter-zu-sommer-umstellen-umraeumen-ausmisten\/#article","isPartOf":{"@id":"https:\/\/www.schrankplaner.de\/exklusiv\/kleiderschrank-winter-zu-sommer-umstellen-umraeumen-ausmisten\/"},"author":{"name":"Paul","@id":"https:\/\/www.schrankplaner.de\/exklusiv\/#\/schema\/person\/6892ccd1b8543a2031229f3b609b5c31"},"headline":"Kleiderschrank von Winter auf Sommer umstellen, ausmisten, umr\u00e4umen","datePublished":"2021-05-17T10:32:16+00:00","dateModified":"2025-06-18T11:43:20+00:00","mainEntityOfPage":{"@id":"https:\/\/www.schrankplaner.de\/exklusiv\/kleiderschrank-winter-zu-sommer-umstellen-umraeumen-ausmisten\/"},"wordCount":1084,"publisher":{"@id":"https:\/\/www.schrankplaner.de\/exklusiv\/#organization"},"image":{"@id":"https:\/\/www.schrankplaner.de\/exklusiv\/kleiderschrank-winter-zu-sommer-umstellen-umraeumen-ausmisten\/#primaryimage"},"thumbnailUrl":"https:\/\/www.schrankplaner.de\/exklusiv\/wp-content\/uploads\/2021\/05\/Kleiderschrank_auf_Sommer_umstellen_Slider.jpg","keywords":["ausmisten","einr\u00e4umen","Kleiderschrank","Sommer","umr\u00e4umen","umstellen","Winter"],"articleSection":["Ordnung im Schrank","Themen"],"inLanguage":"de"},{"@type":"WebPage","@id":"https:\/\/www.schrankplaner.de\/exklusiv\/kleiderschrank-winter-zu-sommer-umstellen-umraeumen-ausmisten\/","url":"https:\/\/www.schrankplaner.de\/exklusiv\/kleiderschrank-winter-zu-sommer-umstellen-umraeumen-ausmisten\/","name":"Kleiderschrank von Winter auf Sommer umstellen, ausmisten, umr\u00e4umen","isPartOf":{"@id":"https:\/\/www.schrankplaner.de\/exklusiv\/#website"},"primaryImageOfPage":{"@id":"https:\/\/www.schrankplaner.de\/exklusiv\/kleiderschrank-winter-zu-sommer-umstellen-umraeumen-ausmisten\/#primaryimage"},"image":{"@id":"https:\/\/www.schrankplaner.de\/exklusiv\/kleiderschrank-winter-zu-sommer-umstellen-umraeumen-ausmisten\/#primaryimage"},"thumbnailUrl":"https:\/\/www.schrankplaner.de\/exklusiv\/wp-content\/uploads\/2021\/05\/Kleiderschrank_auf_Sommer_umstellen_Slider.jpg","datePublished":"2021-05-17T10:32:16+00:00","dateModified":"2025-06-18T11:43:20+00:00","description":"Raus mit allen Winter- und Sommersachen aus dem Aufbewahrungsm\u00f6bel und den Kleiderschrank ausmisten - umr\u00e4umen und zwar gr\u00fcndlich. Tipps gibt\u00b4s hier","breadcrumb":{"@id":"https:\/\/www.schrankplaner.de\/exklusiv\/kleiderschrank-winter-zu-sommer-umstellen-umraeumen-ausmisten\/#breadcrumb"},"inLanguage":"de","potentialAction":[{"@type":"ReadAction","target":["https:\/\/www.schrankplaner.de\/exklusiv\/kleiderschrank-winter-zu-sommer-umstellen-umraeumen-ausmisten\/"]}]},{"@type":"ImageObject","inLanguage":"de","@id":"https:\/\/www.schrankplaner.de\/exklusiv\/kleiderschrank-winter-zu-sommer-umstellen-umraeumen-ausmisten\/#primaryimage","url":"https:\/\/www.schrankplaner.de\/exklusiv\/wp-content\/uploads\/2021\/05\/Kleiderschrank_auf_Sommer_umstellen_Slider.jpg","contentUrl":"https:\/\/www.schrankplaner.de\/exklusiv\/wp-content\/uploads\/2021\/05\/Kleiderschrank_auf_Sommer_umstellen_Slider.jpg","width":1900,"height":505,"caption":"Kleiderschrank auf Sommer umstellen, einr\u00e4umen, ausmisten"},{"@type":"BreadcrumbList","@id":"https:\/\/www.schrankplaner.de\/exklusiv\/kleiderschrank-winter-zu-sommer-umstellen-umraeumen-ausmisten\/#breadcrumb","itemListElement":[{"@type":"ListItem","position":1,"name":"Startseite","item":"https:\/\/www.schrankplaner.de\/exklusiv\/"},{"@type":"ListItem","position":2,"name":"Kleiderschrank von Winter auf Sommer umstellen, ausmisten, umr\u00e4umen"}]},{"@type":"WebSite","@id":"https:\/\/www.schrankplaner.de\/exklusiv\/#website","url":"https:\/\/www.schrankplaner.de\/exklusiv\/","name":"Schrankplaner Exklusiv","description":"","publisher":{"@id":"https:\/\/www.schrankplaner.de\/exklusiv\/#organization"},"potentialAction":[{"@type":"SearchAction","target":{"@type":"EntryPoint","urlTemplate":"https:\/\/www.schrankplaner.de\/exklusiv\/?s={search_term_string}"},"query-input":{"@type":"PropertyValueSpecification","valueRequired":true,"valueName":"search_term_string"}}],"inLanguage":"de"},{"@type":"Organization","@id":"https:\/\/www.schrankplaner.de\/exklusiv\/#organization","name":"Schrankplaner Exklusiv","url":"https:\/\/www.schrankplaner.de\/exklusiv\/","logo":{"@type":"ImageObject","inLanguage":"de","@id":"https:\/\/www.schrankplaner.de\/exklusiv\/#\/schema\/logo\/image\/","url":"https:\/\/www.schrankplaner.de\/exklusiv\/wp-content\/uploads\/2020\/02\/cropped-Logo-Schrankplaner-Exklusiv.png","contentUrl":"https:\/\/www.schrankplaner.de\/exklusiv\/wp-content\/uploads\/2020\/02\/cropped-Logo-Schrankplaner-Exklusiv.png","width":61,"height":61,"caption":"Schrankplaner Exklusiv"},"image":{"@id":"https:\/\/www.schrankplaner.de\/exklusiv\/#\/schema\/logo\/image\/"}},{"@type":"Person","@id":"https:\/\/www.schrankplaner.de\/exklusiv\/#\/schema\/person\/6892ccd1b8543a2031229f3b609b5c31","name":"Paul"}]}},"_links":{"self":[{"href":"https:\/\/www.schrankplaner.de\/exklusiv\/wp-json\/wp\/v2\/posts\/2880","targetHints":{"allow":["GET"]}}],"collection":[{"href":"https:\/\/www.schrankplaner.de\/exklusiv\/wp-json\/wp\/v2\/posts"}],"about":[{"href":"https:\/\/www.schrankplaner.de\/exklusiv\/wp-json\/wp\/v2\/types\/post"}],"author":[{"embeddable":true,"href":"https:\/\/www.schrankplaner.de\/exklusiv\/wp-json\/wp\/v2\/users\/2"}],"replies":[{"embeddable":true,"href":"https:\/\/www.schrankplaner.de\/exklusiv\/wp-json\/wp\/v2\/comments?post=2880"}],"version-history":[{"count":0,"href":"https:\/\/www.schrankplaner.de\/exklusiv\/wp-json\/wp\/v2\/posts\/2880\/revisions"}],"wp:featuredmedia":[{"embeddable":true,"href":"https:\/\/www.schrankplaner.de\/exklusiv\/wp-json\/wp\/v2\/media\/2884"}],"wp:attachment":[{"href":"https:\/\/www.schrankplaner.de\/exklusiv\/wp-json\/wp\/v2\/media?parent=2880"}],"wp:term":[{"taxonomy":"category","embeddable":true,"href":"https:\/\/www.schrankplaner.de\/exklusiv\/wp-json\/wp\/v2\/categories?post=2880"},{"taxonomy":"post_tag","embeddable":true,"href":"https:\/\/www.schrankplaner.de\/exklusiv\/wp-json\/wp\/v2\/tags?post=2880"}],"curies":[{"name":"wp","href":"https:\/\/api.w.org\/{rel}","templated":true}]}}