{"id":2829,"date":"2021-04-12T11:29:50","date_gmt":"2021-04-12T09:29:50","guid":{"rendered":"https:\/\/www.schrankplaner.de\/exklusiv\/?p=2829"},"modified":"2025-06-18T13:39:26","modified_gmt":"2025-06-18T11:39:26","slug":"regale-dekorieren-wohnzimmer-regal-einraeumen","status":"publish","type":"post","link":"https:\/\/www.schrankplaner.de\/exklusiv\/regale-dekorieren-wohnzimmer-regal-einraeumen\/","title":{"rendered":"So simpel, so effektvoll: Regale dekorieren"},"content":{"rendered":"\t\t<div data-elementor-type=\"wp-post\" data-elementor-id=\"2829\" class=\"elementor elementor-2829\" data-elementor-post-type=\"post\">\n\t\t\t\t\t\t<section data-particle_enable=\"false\" data-particle-mobile-disabled=\"false\" class=\"elementor-section elementor-top-section elementor-element elementor-element-32614f11 elementor-section-height-min-height elementor-section-items-bottom elementor-hidden-tablet elementor-hidden-phone elementor-section-boxed elementor-section-height-default elementor-invisible\" data-id=\"32614f11\" data-element_type=\"section\" data-settings=\"{&quot;background_background&quot;:&quot;classic&quot;,&quot;animation&quot;:&quot;pulse&quot;,&quot;animation_delay&quot;:500}\">\n\t\t\t\t\t\t<div class=\"elementor-container elementor-column-gap-no\">\n\t\t\t\t\t<div class=\"elementor-column elementor-col-100 elementor-top-column elementor-element elementor-element-1c665ae9\" data-id=\"1c665ae9\" data-element_type=\"column\">\n\t\t\t<div class=\"elementor-widget-wrap elementor-element-populated\">\n\t\t\t\t\t\t<div class=\"elementor-element elementor-element-0a1309f elementor-hidden-tablet elementor-hidden-mobile elementor-widget elementor-widget-global elementor-global-1227 elementor-widget-text-editor\" data-id=\"0a1309f\" data-element_type=\"widget\" data-widget_type=\"text-editor.default\">\n\t\t\t\t<div class=\"elementor-widget-container\">\n\t\t\t\t\t\t\t\t\t<table style=\"height: 10px; width: 100%; border-collapse: collapse; border-style: none;\">\n<tbody>\n<tr style=\"height: 10px; border-style: none;\">\n<td style=\"width: 11.2%; height: 10px; border-style: none;\"><sub><span style=\"color: #ff0000;\">\u25cf<\/span> 2-Mann Lieferung<\/sub><\/td>\n<td style=\"width: 11.3%; height: 10px; border-style: none;\"><sub><span style=\"color: #ff0000;\">\u25cf<\/span> Made in Germany<\/sub><\/td>\n<td style=\"width: 11.0%; height: 10px; border-style: none;\"><sub><span style=\"color: #ff0000;\">\u25cf<\/span> 5 Jahre Garantie<\/sub><\/td>\n<td style=\"width: 15.3919%; height: 10px; border-style: none;\"><sub><span style=\"color: #ff0000;\">\u25cf<\/span> 50.000 Schr\u00e4nke Erfahrung<\/sub><\/td>\n<td style=\"width: 23.7658%; height: 10px; border-style: none;\"><sub><span style=\"color: #ff0000;\">\u25cf<\/span> 3 &#8211; 5 Wochen Lieferzeit oder <a href=\"https:\/\/www.schrankplaner.de\/expresslieferung\">Expresslieferung<\/a><\/sub><\/td>\n<td style=\"width: 32.8088%; height: 10px; border-style: none;\"><sub><span style=\"color: #ff0000;\">\u25cf<\/span> Kundenurteil: sehr gut<\/sub><\/td>\n<\/tr>\n<\/tbody>\n<\/table>\t\t\t\t\t\t\t\t<\/div>\n\t\t\t\t<\/div>\n\t\t\t\t\t<\/div>\n\t\t<\/div>\n\t\t\t\t\t<\/div>\n\t\t<\/section>\n\t\t\t\t<section data-particle_enable=\"false\" data-particle-mobile-disabled=\"false\" class=\"elementor-section elementor-top-section elementor-element elementor-element-7bc3eeb8 elementor-section-boxed elementor-section-height-default elementor-section-height-default\" data-id=\"7bc3eeb8\" data-element_type=\"section\" data-settings=\"{&quot;background_background&quot;:&quot;classic&quot;}\">\n\t\t\t\t\t\t<div class=\"elementor-container elementor-column-gap-default\">\n\t\t\t\t\t<div class=\"elementor-column elementor-col-50 elementor-top-column elementor-element elementor-element-1e710108\" data-id=\"1e710108\" data-element_type=\"column\">\n\t\t\t<div class=\"elementor-widget-wrap elementor-element-populated\">\n\t\t\t\t\t\t<div class=\"elementor-element elementor-element-b0e86af elementor-widget elementor-widget-global elementor-global-1255 elementor-widget-theme-site-logo\" data-id=\"b0e86af\" data-element_type=\"widget\" data-widget_type=\"theme-site-logo.default\">\n\t\t\t\t<div class=\"elementor-widget-container\">\n\t\t\t\t\t\t\t\t\t\t\t<a href=\"https:\/\/www.schrankplaner.de\/exklusiv\/\">\n\t\t\t<img decoding=\"async\" width=\"61\" height=\"61\" src=\"https:\/\/www.schrankplaner.de\/exklusiv\/wp-content\/uploads\/2020\/02\/cropped-Logo-Schrankplaner-Exklusiv.png\" class=\"attachment-full size-full wp-image-1889\" alt=\"Logo\" \/>\t\t\t\t<\/a>\n\t\t\t\t\t\t\t\t\t\t\t<\/div>\n\t\t\t\t<\/div>\n\t\t\t\t\t<\/div>\n\t\t<\/div>\n\t\t\t\t<div class=\"elementor-column elementor-col-25 elementor-top-column elementor-element elementor-element-6e8c9f95\" data-id=\"6e8c9f95\" data-element_type=\"column\">\n\t\t\t<div class=\"elementor-widget-wrap elementor-element-populated\">\n\t\t\t\t\t\t<div class=\"elementor-element elementor-element-92f9429 elementor-hidden-tablet elementor-hidden-phone elementor-widget elementor-widget-global elementor-global-1258 elementor-widget-image\" data-id=\"92f9429\" data-element_type=\"widget\" data-widget_type=\"image.default\">\n\t\t\t\t<div class=\"elementor-widget-container\">\n\t\t\t\t\t\t\t\t\t\t\t\t\t\t\t<img decoding=\"async\" width=\"178\" height=\"34\" src=\"https:\/\/www.schrankplaner.de\/exklusiv\/wp-content\/uploads\/2020\/02\/tel.png\" class=\"attachment-full size-full wp-image-959\" alt=\"tel\" \/>\t\t\t\t\t\t\t\t\t\t\t\t\t\t\t<\/div>\n\t\t\t\t<\/div>\n\t\t\t\t\t<\/div>\n\t\t<\/div>\n\t\t\t\t<div class=\"elementor-column elementor-col-25 elementor-top-column elementor-element elementor-element-625c1b69\" data-id=\"625c1b69\" data-element_type=\"column\">\n\t\t\t<div class=\"elementor-widget-wrap elementor-element-populated\">\n\t\t\t\t\t\t<div class=\"elementor-element elementor-element-9595431 elementor-hidden-tablet elementor-hidden-phone elementor-widget elementor-widget-global elementor-global-1262 elementor-widget-image\" data-id=\"9595431\" data-element_type=\"widget\" data-widget_type=\"image.default\">\n\t\t\t\t<div class=\"elementor-widget-container\">\n\t\t\t\t\t\t\t\t\t\t\t\t\t\t\t\t<a href=\"https:\/\/www.schrankplaner.de\/aufmass-vor-ort-service\">\n\t\t\t\t\t\t\t<img decoding=\"async\" width=\"155\" height=\"34\" src=\"https:\/\/www.schrankplaner.de\/exklusiv\/wp-content\/uploads\/2020\/02\/Aufmass-1.png\" class=\"attachment-full size-full wp-image-958\" alt=\"Aufma\u00dfservice\" srcset=\"https:\/\/www.schrankplaner.de\/exklusiv\/wp-content\/uploads\/2020\/02\/Aufmass-1.png 155w, https:\/\/www.schrankplaner.de\/exklusiv\/wp-content\/uploads\/2020\/02\/Aufmass-1-150x34.png 150w\" sizes=\"(max-width: 155px) 100vw, 155px\" \/>\t\t\t\t\t\t\t\t<\/a>\n\t\t\t\t\t\t\t\t\t\t\t\t\t\t\t<\/div>\n\t\t\t\t<\/div>\n\t\t\t\t\t<\/div>\n\t\t<\/div>\n\t\t\t\t\t<\/div>\n\t\t<\/section>\n\t\t\t\t<section data-particle_enable=\"false\" data-particle-mobile-disabled=\"false\" class=\"elementor-section elementor-top-section elementor-element elementor-element-2fffd260 elementor-section-boxed elementor-section-height-default elementor-section-height-default\" data-id=\"2fffd260\" data-element_type=\"section\" data-settings=\"{&quot;background_background&quot;:&quot;classic&quot;}\">\n\t\t\t\t\t\t<div class=\"elementor-container elementor-column-gap-no\">\n\t\t\t\t\t<div class=\"elementor-column elementor-col-100 elementor-top-column elementor-element elementor-element-81b919b\" data-id=\"81b919b\" data-element_type=\"column\">\n\t\t\t<div class=\"elementor-widget-wrap elementor-element-populated\">\n\t\t\t\t\t\t<div class=\"elementor-element elementor-element-a756af0 elementor-nav-menu--dropdown-tablet elementor-nav-menu__text-align-aside elementor-nav-menu--toggle elementor-nav-menu--burger elementor-widget elementor-widget-global elementor-global-1265 elementor-widget-nav-menu\" data-id=\"a756af0\" data-element_type=\"widget\" data-settings=\"{&quot;submenu_icon&quot;:{&quot;value&quot;:&quot;fas e-plus-icon&quot;,&quot;library&quot;:&quot;&quot;},&quot;layout&quot;:&quot;horizontal&quot;,&quot;toggle&quot;:&quot;burger&quot;}\" data-widget_type=\"nav-menu.default\">\n\t\t\t\t<div class=\"elementor-widget-container\">\n\t\t\t\t\t\t\t\t<nav aria-label=\"Men\u00fc\" class=\"elementor-nav-menu--main elementor-nav-menu__container elementor-nav-menu--layout-horizontal e--pointer-none\">\n\t\t\t\t<ul id=\"menu-1-a756af0\" class=\"elementor-nav-menu\"><li class=\"menu-item menu-item-type-post_type menu-item-object-post menu-item-has-children menu-item-1790\"><a aria-expanded=\"false\" href=\"https:\/\/www.schrankplaner.de\/exklusiv\/themen\/\" class=\"elementor-item menu-link\">Themen<span role=\"application\" class=\"dropdown-menu-toggle ast-header-navigation-arrow\" tabindex=\"0\" aria-expanded=\"false\" aria-label=\"Men\u00fc umschalten\" ><span class=\"ast-icon icon-arrow\"><svg class=\"ast-arrow-svg\" xmlns=\"http:\/\/www.w3.org\/2000\/svg\" xmlns:xlink=\"http:\/\/www.w3.org\/1999\/xlink\" version=\"1.1\" x=\"0px\" y=\"0px\" width=\"26px\" height=\"16.043px\" viewBox=\"57 35.171 26 16.043\" enable-background=\"new 57 35.171 26 16.043\" xml:space=\"preserve\">\n                <path d=\"M57.5,38.193l12.5,12.5l12.5-12.5l-2.5-2.5l-10,10l-10-10L57.5,38.193z\"\/>\n                <\/svg><\/span><\/span><\/a>\n<ul class=\"sub-menu elementor-nav-menu--dropdown\">\n\t<li class=\"menu-item menu-item-type-post_type menu-item-object-post menu-item-1791\"><a href=\"https:\/\/www.schrankplaner.de\/exklusiv\/schrank-planen-aufbauen\/\" class=\"elementor-sub-item menu-link\"><span class=\"ast-icon icon-arrow\"><svg class=\"ast-arrow-svg\" xmlns=\"http:\/\/www.w3.org\/2000\/svg\" xmlns:xlink=\"http:\/\/www.w3.org\/1999\/xlink\" version=\"1.1\" x=\"0px\" y=\"0px\" width=\"26px\" height=\"16.043px\" viewBox=\"57 35.171 26 16.043\" enable-background=\"new 57 35.171 26 16.043\" xml:space=\"preserve\">\n                <path d=\"M57.5,38.193l12.5,12.5l12.5-12.5l-2.5-2.5l-10,10l-10-10L57.5,38.193z\"\/>\n                <\/svg><\/span>Schrank Planen &#038; Aufbauen<\/a><\/li>\n\t<li class=\"menu-item menu-item-type-post_type menu-item-object-post menu-item-1794\"><a href=\"https:\/\/www.schrankplaner.de\/exklusiv\/ordnung-im-schrank\/\" class=\"elementor-sub-item menu-link\"><span class=\"ast-icon icon-arrow\"><svg class=\"ast-arrow-svg\" xmlns=\"http:\/\/www.w3.org\/2000\/svg\" xmlns:xlink=\"http:\/\/www.w3.org\/1999\/xlink\" version=\"1.1\" x=\"0px\" y=\"0px\" width=\"26px\" height=\"16.043px\" viewBox=\"57 35.171 26 16.043\" enable-background=\"new 57 35.171 26 16.043\" xml:space=\"preserve\">\n                <path d=\"M57.5,38.193l12.5,12.5l12.5-12.5l-2.5-2.5l-10,10l-10-10L57.5,38.193z\"\/>\n                <\/svg><\/span>Ordnung im Schrank<\/a><\/li>\n\t<li class=\"menu-item menu-item-type-post_type menu-item-object-post menu-item-2817\"><a href=\"https:\/\/www.schrankplaner.de\/exklusiv\/aktuelle-schrank-trends\/\" class=\"elementor-sub-item menu-link\"><span class=\"ast-icon icon-arrow\"><svg class=\"ast-arrow-svg\" xmlns=\"http:\/\/www.w3.org\/2000\/svg\" xmlns:xlink=\"http:\/\/www.w3.org\/1999\/xlink\" version=\"1.1\" x=\"0px\" y=\"0px\" width=\"26px\" height=\"16.043px\" viewBox=\"57 35.171 26 16.043\" enable-background=\"new 57 35.171 26 16.043\" xml:space=\"preserve\">\n                <path d=\"M57.5,38.193l12.5,12.5l12.5-12.5l-2.5-2.5l-10,10l-10-10L57.5,38.193z\"\/>\n                <\/svg><\/span>Aktuelle Schrank Trends<\/a><\/li>\n\t<li class=\"menu-item menu-item-type-post_type menu-item-object-post menu-item-3006\"><a href=\"https:\/\/www.schrankplaner.de\/exklusiv\/einrichtungsideen\/\" class=\"elementor-sub-item menu-link\"><span class=\"ast-icon icon-arrow\"><svg class=\"ast-arrow-svg\" xmlns=\"http:\/\/www.w3.org\/2000\/svg\" xmlns:xlink=\"http:\/\/www.w3.org\/1999\/xlink\" version=\"1.1\" x=\"0px\" y=\"0px\" width=\"26px\" height=\"16.043px\" viewBox=\"57 35.171 26 16.043\" enable-background=\"new 57 35.171 26 16.043\" xml:space=\"preserve\">\n                <path d=\"M57.5,38.193l12.5,12.5l12.5-12.5l-2.5-2.5l-10,10l-10-10L57.5,38.193z\"\/>\n                <\/svg><\/span>Einrichtungsideen<\/a><\/li>\n<\/ul>\n<\/li>\n<li class=\"menu-item menu-item-type-custom menu-item-object-custom menu-item-929\"><a href=\"https:\/\/www.schrankplaner.de\" class=\"elementor-item menu-link\">Shop<\/a><\/li>\n<li class=\"menu-item menu-item-type-post_type menu-item-object-page menu-item-privacy-policy menu-item-3021\"><a rel=\"privacy-policy\" href=\"https:\/\/www.schrankplaner.de\/exklusiv\/datenschutzerklaerung\/\" class=\"elementor-item menu-link\">Datenschutz<\/a><\/li>\n<li class=\"menu-item menu-item-type-post_type menu-item-object-page menu-item-934\"><a href=\"https:\/\/www.schrankplaner.de\/exklusiv\/kontakt\/\" class=\"elementor-item menu-link\">Kontakt<\/a><\/li>\n<li class=\"menu-item menu-item-type-post_type menu-item-object-page menu-item-935\"><a href=\"https:\/\/www.schrankplaner.de\/exklusiv\/impressum\/\" class=\"elementor-item menu-link\">Impressum<\/a><\/li>\n<\/ul>\t\t\t<\/nav>\n\t\t\t\t\t<div class=\"elementor-menu-toggle\" role=\"button\" tabindex=\"0\" aria-label=\"Menu Toggle\" aria-expanded=\"false\">\n\t\t\t<i aria-hidden=\"true\" role=\"presentation\" class=\"elementor-menu-toggle__icon--open eicon-menu-bar\"><\/i><i aria-hidden=\"true\" role=\"presentation\" class=\"elementor-menu-toggle__icon--close eicon-close\"><\/i>\t\t<\/div>\n\t\t\t\t\t<nav class=\"elementor-nav-menu--dropdown elementor-nav-menu__container\" aria-hidden=\"true\">\n\t\t\t\t<ul id=\"menu-2-a756af0\" class=\"elementor-nav-menu\"><li class=\"menu-item menu-item-type-post_type menu-item-object-post menu-item-has-children menu-item-1790\"><a aria-expanded=\"false\" href=\"https:\/\/www.schrankplaner.de\/exklusiv\/themen\/\" class=\"elementor-item menu-link\" tabindex=\"-1\">Themen<span role=\"application\" class=\"dropdown-menu-toggle ast-header-navigation-arrow\" tabindex=\"0\" aria-expanded=\"false\" aria-label=\"Men\u00fc umschalten\" ><span class=\"ast-icon icon-arrow\"><svg class=\"ast-arrow-svg\" xmlns=\"http:\/\/www.w3.org\/2000\/svg\" xmlns:xlink=\"http:\/\/www.w3.org\/1999\/xlink\" version=\"1.1\" x=\"0px\" y=\"0px\" width=\"26px\" height=\"16.043px\" viewBox=\"57 35.171 26 16.043\" enable-background=\"new 57 35.171 26 16.043\" xml:space=\"preserve\">\n                <path d=\"M57.5,38.193l12.5,12.5l12.5-12.5l-2.5-2.5l-10,10l-10-10L57.5,38.193z\"\/>\n                <\/svg><\/span><\/span><\/a>\n<ul class=\"sub-menu elementor-nav-menu--dropdown\">\n\t<li class=\"menu-item menu-item-type-post_type menu-item-object-post menu-item-1791\"><a href=\"https:\/\/www.schrankplaner.de\/exklusiv\/schrank-planen-aufbauen\/\" class=\"elementor-sub-item menu-link\" tabindex=\"-1\"><span class=\"ast-icon icon-arrow\"><svg class=\"ast-arrow-svg\" xmlns=\"http:\/\/www.w3.org\/2000\/svg\" xmlns:xlink=\"http:\/\/www.w3.org\/1999\/xlink\" version=\"1.1\" x=\"0px\" y=\"0px\" width=\"26px\" height=\"16.043px\" viewBox=\"57 35.171 26 16.043\" enable-background=\"new 57 35.171 26 16.043\" xml:space=\"preserve\">\n                <path d=\"M57.5,38.193l12.5,12.5l12.5-12.5l-2.5-2.5l-10,10l-10-10L57.5,38.193z\"\/>\n                <\/svg><\/span>Schrank Planen &#038; Aufbauen<\/a><\/li>\n\t<li class=\"menu-item menu-item-type-post_type menu-item-object-post menu-item-1794\"><a href=\"https:\/\/www.schrankplaner.de\/exklusiv\/ordnung-im-schrank\/\" class=\"elementor-sub-item menu-link\" tabindex=\"-1\"><span class=\"ast-icon icon-arrow\"><svg class=\"ast-arrow-svg\" xmlns=\"http:\/\/www.w3.org\/2000\/svg\" xmlns:xlink=\"http:\/\/www.w3.org\/1999\/xlink\" version=\"1.1\" x=\"0px\" y=\"0px\" width=\"26px\" height=\"16.043px\" viewBox=\"57 35.171 26 16.043\" enable-background=\"new 57 35.171 26 16.043\" xml:space=\"preserve\">\n                <path d=\"M57.5,38.193l12.5,12.5l12.5-12.5l-2.5-2.5l-10,10l-10-10L57.5,38.193z\"\/>\n                <\/svg><\/span>Ordnung im Schrank<\/a><\/li>\n\t<li class=\"menu-item menu-item-type-post_type menu-item-object-post menu-item-2817\"><a href=\"https:\/\/www.schrankplaner.de\/exklusiv\/aktuelle-schrank-trends\/\" class=\"elementor-sub-item menu-link\" tabindex=\"-1\"><span class=\"ast-icon icon-arrow\"><svg class=\"ast-arrow-svg\" xmlns=\"http:\/\/www.w3.org\/2000\/svg\" xmlns:xlink=\"http:\/\/www.w3.org\/1999\/xlink\" version=\"1.1\" x=\"0px\" y=\"0px\" width=\"26px\" height=\"16.043px\" viewBox=\"57 35.171 26 16.043\" enable-background=\"new 57 35.171 26 16.043\" xml:space=\"preserve\">\n                <path d=\"M57.5,38.193l12.5,12.5l12.5-12.5l-2.5-2.5l-10,10l-10-10L57.5,38.193z\"\/>\n                <\/svg><\/span>Aktuelle Schrank Trends<\/a><\/li>\n\t<li class=\"menu-item menu-item-type-post_type menu-item-object-post menu-item-3006\"><a href=\"https:\/\/www.schrankplaner.de\/exklusiv\/einrichtungsideen\/\" class=\"elementor-sub-item menu-link\" tabindex=\"-1\"><span class=\"ast-icon icon-arrow\"><svg class=\"ast-arrow-svg\" xmlns=\"http:\/\/www.w3.org\/2000\/svg\" xmlns:xlink=\"http:\/\/www.w3.org\/1999\/xlink\" version=\"1.1\" x=\"0px\" y=\"0px\" width=\"26px\" height=\"16.043px\" viewBox=\"57 35.171 26 16.043\" enable-background=\"new 57 35.171 26 16.043\" xml:space=\"preserve\">\n                <path d=\"M57.5,38.193l12.5,12.5l12.5-12.5l-2.5-2.5l-10,10l-10-10L57.5,38.193z\"\/>\n                <\/svg><\/span>Einrichtungsideen<\/a><\/li>\n<\/ul>\n<\/li>\n<li class=\"menu-item menu-item-type-custom menu-item-object-custom menu-item-929\"><a href=\"https:\/\/www.schrankplaner.de\" class=\"elementor-item menu-link\" tabindex=\"-1\">Shop<\/a><\/li>\n<li class=\"menu-item menu-item-type-post_type menu-item-object-page menu-item-privacy-policy menu-item-3021\"><a rel=\"privacy-policy\" href=\"https:\/\/www.schrankplaner.de\/exklusiv\/datenschutzerklaerung\/\" class=\"elementor-item menu-link\" tabindex=\"-1\">Datenschutz<\/a><\/li>\n<li class=\"menu-item menu-item-type-post_type menu-item-object-page menu-item-934\"><a href=\"https:\/\/www.schrankplaner.de\/exklusiv\/kontakt\/\" class=\"elementor-item menu-link\" tabindex=\"-1\">Kontakt<\/a><\/li>\n<li class=\"menu-item menu-item-type-post_type menu-item-object-page menu-item-935\"><a href=\"https:\/\/www.schrankplaner.de\/exklusiv\/impressum\/\" class=\"elementor-item menu-link\" tabindex=\"-1\">Impressum<\/a><\/li>\n<\/ul>\t\t\t<\/nav>\n\t\t\t\t\t\t<\/div>\n\t\t\t\t<\/div>\n\t\t\t\t\t<\/div>\n\t\t<\/div>\n\t\t\t\t\t<\/div>\n\t\t<\/section>\n\t\t\t\t<section data-particle_enable=\"false\" data-particle-mobile-disabled=\"false\" class=\"elementor-section elementor-top-section elementor-element elementor-element-515bc998 elementor-section-full_width elementor-section-height-default elementor-section-height-default\" data-id=\"515bc998\" data-element_type=\"section\">\n\t\t\t\t\t\t<div class=\"elementor-container elementor-column-gap-default\">\n\t\t\t\t\t<div class=\"elementor-column elementor-col-100 elementor-top-column elementor-element elementor-element-4f45f7e8\" data-id=\"4f45f7e8\" data-element_type=\"column\">\n\t\t\t<div class=\"elementor-widget-wrap elementor-element-populated\">\n\t\t\t\t\t\t<div class=\"elementor-element elementor-element-fb0355 elementor--h-position-center elementor--v-position-middle elementor-arrows-position-inside elementor-pagination-position-inside elementor-widget elementor-widget-slides\" data-id=\"fb0355\" data-element_type=\"widget\" data-settings=\"{&quot;navigation&quot;:&quot;both&quot;,&quot;autoplay&quot;:&quot;yes&quot;,&quot;pause_on_hover&quot;:&quot;yes&quot;,&quot;pause_on_interaction&quot;:&quot;yes&quot;,&quot;autoplay_speed&quot;:5000,&quot;infinite&quot;:&quot;yes&quot;,&quot;transition&quot;:&quot;slide&quot;,&quot;transition_speed&quot;:500}\" data-widget_type=\"slides.default\">\n\t\t\t\t<div class=\"elementor-widget-container\">\n\t\t\t\t\t\t\t\t\t<div class=\"elementor-swiper\">\n\t\t\t\t\t<div class=\"elementor-slides-wrapper elementor-main-swiper swiper\" role=\"region\" aria-roledescription=\"carousel\" aria-label=\"Slider\" dir=\"ltr\" data-animation=\"fadeInUp\">\n\t\t\t\t<div class=\"swiper-wrapper elementor-slides\">\n\t\t\t\t\t\t\t\t\t\t<div class=\"elementor-repeater-item-3630546 swiper-slide\" role=\"group\" aria-roledescription=\"slide\"><div class=\"swiper-slide-bg\" role=\"img\" aria-label=\"Regale dekorieren und einr\u00e4umen\"><\/div><div class=\"swiper-slide-inner\" ><div class=\"swiper-slide-contents\"><\/div><\/div><\/div>\t\t\t\t<\/div>\n\t\t\t\t\t\t\t<\/div>\n\t\t\t\t<\/div>\n\t\t\t\t\t\t\t\t<\/div>\n\t\t\t\t<\/div>\n\t\t\t\t\t<\/div>\n\t\t<\/div>\n\t\t\t\t\t<\/div>\n\t\t<\/section>\n\t\t\t\t<section data-particle_enable=\"false\" data-particle-mobile-disabled=\"false\" class=\"elementor-section elementor-top-section elementor-element elementor-element-1c05533 elementor-section-boxed elementor-section-height-default elementor-section-height-default\" data-id=\"1c05533\" data-element_type=\"section\">\n\t\t\t\t\t\t<div class=\"elementor-container elementor-column-gap-default\">\n\t\t\t\t\t<div class=\"elementor-column elementor-col-100 elementor-top-column elementor-element elementor-element-f7501f1\" data-id=\"f7501f1\" data-element_type=\"column\">\n\t\t\t<div class=\"elementor-widget-wrap elementor-element-populated\">\n\t\t\t\t\t\t<div class=\"elementor-element elementor-element-3f82e2e elementor-widget elementor-widget-heading\" data-id=\"3f82e2e\" data-element_type=\"widget\" data-widget_type=\"heading.default\">\n\t\t\t\t<div class=\"elementor-widget-container\">\n\t\t\t\t\t<h1 class=\"elementor-heading-title elementor-size-medium\">So simpel, so effektvoll: Regale dekorieren<\/h1>\t\t\t\t<\/div>\n\t\t\t\t<\/div>\n\t\t\t\t\t<\/div>\n\t\t<\/div>\n\t\t\t\t\t<\/div>\n\t\t<\/section>\n\t\t\t\t<section data-particle_enable=\"false\" data-particle-mobile-disabled=\"false\" class=\"elementor-section elementor-top-section elementor-element elementor-element-c3b6ced elementor-section-boxed elementor-section-height-default elementor-section-height-default\" data-id=\"c3b6ced\" data-element_type=\"section\">\n\t\t\t\t\t\t\t<div class=\"elementor-background-overlay\"><\/div>\n\t\t\t\t\t\t\t<div class=\"elementor-container elementor-column-gap-default\">\n\t\t\t\t\t<div class=\"elementor-column elementor-col-100 elementor-top-column elementor-element elementor-element-9761ab7\" data-id=\"9761ab7\" data-element_type=\"column\">\n\t\t\t<div class=\"elementor-widget-wrap elementor-element-populated\">\n\t\t\t\t\t\t<div class=\"elementor-element elementor-element-257ca28 elementor-widget elementor-widget-text-editor\" data-id=\"257ca28\" data-element_type=\"widget\" data-widget_type=\"text-editor.default\">\n\t\t\t\t<div class=\"elementor-widget-container\">\n\t\t\t\t\t\t\t\t\t<p>Offene Regale sind einfach ein Klassiker in der M\u00f6belwelt. Passende individuelle Exemplare k\u00f6nnen Sie sich in unserem <a title=\"Regal Konfigurator\" href=\"https:\/\/www.schrankplaner.de\/regal-konfigurator\" rel=\"\">Regal-Konfigurator<\/a> erstellen \u2013 auch f\u00fcr R\u00e4ume mit <a title=\"Regal f\u00fcr die Dachschr\u00e4ge\" href=\"https:\/\/www.schrankplaner.de\/regale-fuer-dachschraege\" rel=\"\">Dachschr\u00e4gen<\/a> oder Einengungen. Regale passen immer in jeden Raum! Sie bieten viel Stauraum und sind, richtig einger\u00e4umt, sehr ansehnlich. Ob als Raumtrenner oder Aufbewahrungsm\u00f6bel &#8211; wir zeigen, wie Sie Regale dekorieren k\u00f6nnen und so nicht nur den Platz gut nutzen, sondern auch einen attraktiven Ort zum Hinschauen im Zimmer schaffen. Dabei sind es oft nur kleine Kniffe und Tricks, die beim Regal dekorieren den Unterschied machen.<br \/>Lesen Sie selbst!<\/p>\t\t\t\t\t\t\t\t<\/div>\n\t\t\t\t<\/div>\n\t\t\t\t\t<\/div>\n\t\t<\/div>\n\t\t\t\t\t<\/div>\n\t\t<\/section>\n\t\t\t\t<section data-particle_enable=\"false\" data-particle-mobile-disabled=\"false\" class=\"elementor-section elementor-top-section elementor-element elementor-element-553e050 elementor-section-boxed elementor-section-height-default elementor-section-height-default\" data-id=\"553e050\" data-element_type=\"section\">\n\t\t\t\t\t\t<div class=\"elementor-container elementor-column-gap-default\">\n\t\t\t\t\t<div class=\"elementor-column elementor-col-100 elementor-top-column elementor-element elementor-element-9e15620\" data-id=\"9e15620\" data-element_type=\"column\">\n\t\t\t<div class=\"elementor-widget-wrap elementor-element-populated\">\n\t\t\t\t\t\t<div class=\"elementor-element elementor-element-07b63c9 elementor-widget elementor-widget-image\" data-id=\"07b63c9\" data-element_type=\"widget\" data-widget_type=\"image.default\">\n\t\t\t\t<div class=\"elementor-widget-container\">\n\t\t\t\t\t\t\t\t\t\t\t\t\t\t\t<img loading=\"lazy\" decoding=\"async\" width=\"768\" height=\"469\" src=\"https:\/\/www.schrankplaner.de\/exklusiv\/wp-content\/uploads\/2021\/04\/Wohnzimmer-Regal-einraeumen-768x469.jpg\" class=\"attachment-medium_large size-medium_large wp-image-2840\" alt=\"Regale dekorieren und einr\u00e4umen\" srcset=\"https:\/\/www.schrankplaner.de\/exklusiv\/wp-content\/uploads\/2021\/04\/Wohnzimmer-Regal-einraeumen-768x469.jpg 768w, https:\/\/www.schrankplaner.de\/exklusiv\/wp-content\/uploads\/2021\/04\/Wohnzimmer-Regal-einraeumen-300x183.jpg 300w, https:\/\/www.schrankplaner.de\/exklusiv\/wp-content\/uploads\/2021\/04\/Wohnzimmer-Regal-einraeumen.jpg 827w\" sizes=\"(max-width: 768px) 100vw, 768px\" \/>\t\t\t\t\t\t\t\t\t\t\t\t\t\t\t<\/div>\n\t\t\t\t<\/div>\n\t\t\t\t\t<\/div>\n\t\t<\/div>\n\t\t\t\t\t<\/div>\n\t\t<\/section>\n\t\t\t\t<section data-particle_enable=\"false\" data-particle-mobile-disabled=\"false\" class=\"elementor-section elementor-top-section elementor-element elementor-element-6fd3f12 elementor-section-boxed elementor-section-height-default elementor-section-height-default\" data-id=\"6fd3f12\" data-element_type=\"section\" data-settings=\"{&quot;background_background&quot;:&quot;classic&quot;}\">\n\t\t\t\t\t\t<div class=\"elementor-container elementor-column-gap-default\">\n\t\t\t\t\t<div class=\"elementor-column elementor-col-100 elementor-top-column elementor-element elementor-element-f52ee53\" data-id=\"f52ee53\" data-element_type=\"column\">\n\t\t\t<div class=\"elementor-widget-wrap elementor-element-populated\">\n\t\t\t\t\t\t<div class=\"elementor-element elementor-element-fe64abd elementor-invisible elementor-widget elementor-widget-heading\" data-id=\"fe64abd\" data-element_type=\"widget\" data-settings=\"{&quot;_animation&quot;:&quot;pulse&quot;,&quot;_animation_delay&quot;:600}\" data-widget_type=\"heading.default\">\n\t\t\t\t<div class=\"elementor-widget-container\">\n\t\t\t\t\t<h2 class=\"elementor-heading-title elementor-size-default\">Das Wohnzimmer-Regal \u2013 Platz f\u00fcr viele sch\u00f6ne Eyecatcher!<\/h2>\t\t\t\t<\/div>\n\t\t\t\t<\/div>\n\t\t\t\t<div class=\"elementor-element elementor-element-2d8771e elementor-widget elementor-widget-text-editor\" data-id=\"2d8771e\" data-element_type=\"widget\" data-widget_type=\"text-editor.default\">\n\t\t\t\t<div class=\"elementor-widget-container\">\n\t\t\t\t\t\t\t\t\t<p>In vielen Stuben der Nation hat ein offenes <a title=\"Wohnzimmer Regal\" href=\"https:\/\/www.schrankplaner.de\/wohnwelten\/wohnzimmer\" rel=\"\">Wohnzimmer-Regal<\/a> die geschlossene Schrankwand abgel\u00f6st.<br \/>Und das ist auch nicht weiter verwunderlich, denn richtig einger\u00e4umt vereint ein solches Wohnzimmer-Regal Stauraum und Dekoration, Ablage und Design. Beim Regal einr\u00e4umen sollten Sie darauf achten auch gen\u00fcgend Freiraum zwischen den einzelnen St\u00fccken oder Gruppen zu lassen, sonst wirkt das Wohnzimmer-Regal schnell verstopft und voll.<br \/>Sie k\u00f6nnen beim Regal dekorieren sich auf einige wenige Farben reduzieren, die sich harmonisch erg\u00e4nzen oder nur wenige Farbkleckse in sonst unifarbener Gestaltung setzen. Dann wirkt das Wohnzimmer-Regal samt dem Raum ruhig und aufger\u00e4umt &#8211; aber nicht langweilig. Eyecatcher d\u00fcrfen gern im Kontrast zum sonstigen Inhalt stehen. Warum nicht die Lieblingscd vor die B\u00fccher stellen und so einen spannenden Form- und Farbkontrast herstellen? Oder vielleicht mal eine Pflanze beim Regal dekorieren mit einsetzen? Kleine Topfpflanzen gibt es in gro\u00dfer Vielfalt und diese lockern das gesamte Erscheinungsbild der Regallandschaft auf.<br \/>Bilden Sie beim Einr\u00e4umen Ihres Wohnzimmer-Regals gern kleine Gruppen von Bilderrahmen, Dekorationsobjekten oder anderen Dingen, die Sie optisch zueinander anordnen. Zwischen den Gruppen und Elementen darf gern etwas Platz bleiben, damit alles gut wirken kann.<br \/>Noch ein letzter Tipp, wenn Sie ihr Regal im Wohnzimmer dekorieren: Kleinkram einfach in ansehnliche Kisten verstauen. Denn so wird mehr optische Ruhe in ihr Wohnzimmer-Regal gebracht.<\/p>\t\t\t\t\t\t\t\t<\/div>\n\t\t\t\t<\/div>\n\t\t\t\t\t<\/div>\n\t\t<\/div>\n\t\t\t\t\t<\/div>\n\t\t<\/section>\n\t\t\t\t<section data-particle_enable=\"false\" data-particle-mobile-disabled=\"false\" class=\"elementor-section elementor-top-section elementor-element elementor-element-17a3f4c elementor-section-boxed elementor-section-height-default elementor-section-height-default\" data-id=\"17a3f4c\" data-element_type=\"section\">\n\t\t\t\t\t\t<div class=\"elementor-container elementor-column-gap-default\">\n\t\t\t\t\t<div class=\"elementor-column elementor-col-100 elementor-top-column elementor-element elementor-element-bcc97d9\" data-id=\"bcc97d9\" data-element_type=\"column\">\n\t\t\t<div class=\"elementor-widget-wrap elementor-element-populated\">\n\t\t\t\t\t\t<div class=\"elementor-element elementor-element-44f1d01 elementor-widget elementor-widget-image\" data-id=\"44f1d01\" data-element_type=\"widget\" data-widget_type=\"image.default\">\n\t\t\t\t<div class=\"elementor-widget-container\">\n\t\t\t\t\t\t\t\t\t\t\t\t\t\t\t<img loading=\"lazy\" decoding=\"async\" width=\"768\" height=\"476\" src=\"https:\/\/www.schrankplaner.de\/exklusiv\/wp-content\/uploads\/2021\/04\/Buecherregal-einraeumen-768x476.jpg\" class=\"attachment-medium_large size-medium_large wp-image-2834\" alt=\"B\u00fccherregal einr\u00e4umen\" srcset=\"https:\/\/www.schrankplaner.de\/exklusiv\/wp-content\/uploads\/2021\/04\/Buecherregal-einraeumen-768x476.jpg 768w, https:\/\/www.schrankplaner.de\/exklusiv\/wp-content\/uploads\/2021\/04\/Buecherregal-einraeumen-300x186.jpg 300w, https:\/\/www.schrankplaner.de\/exklusiv\/wp-content\/uploads\/2021\/04\/Buecherregal-einraeumen.jpg 814w\" sizes=\"(max-width: 768px) 100vw, 768px\" \/>\t\t\t\t\t\t\t\t\t\t\t\t\t\t\t<\/div>\n\t\t\t\t<\/div>\n\t\t\t\t\t<\/div>\n\t\t<\/div>\n\t\t\t\t\t<\/div>\n\t\t<\/section>\n\t\t\t\t<section data-particle_enable=\"false\" data-particle-mobile-disabled=\"false\" class=\"elementor-section elementor-top-section elementor-element elementor-element-806d202 elementor-section-boxed elementor-section-height-default elementor-section-height-default\" data-id=\"806d202\" data-element_type=\"section\">\n\t\t\t\t\t\t<div class=\"elementor-container elementor-column-gap-default\">\n\t\t\t\t\t<div class=\"elementor-column elementor-col-100 elementor-top-column elementor-element elementor-element-d63226f\" data-id=\"d63226f\" data-element_type=\"column\">\n\t\t\t<div class=\"elementor-widget-wrap elementor-element-populated\">\n\t\t\t\t\t\t<div class=\"elementor-element elementor-element-6f6c6ed elementor-invisible elementor-widget elementor-widget-heading\" data-id=\"6f6c6ed\" data-element_type=\"widget\" data-settings=\"{&quot;_animation&quot;:&quot;fadeInUp&quot;,&quot;_animation_delay&quot;:600}\" data-widget_type=\"heading.default\">\n\t\t\t\t<div class=\"elementor-widget-container\">\n\t\t\t\t\t<h2 class=\"elementor-heading-title elementor-size-default\">Das B\u00fccherregal dekorativ einr\u00e4umen - so geht`s !<\/h2>\t\t\t\t<\/div>\n\t\t\t\t<\/div>\n\t\t\t\t\t<\/div>\n\t\t<\/div>\n\t\t\t\t\t<\/div>\n\t\t<\/section>\n\t\t\t\t<section data-particle_enable=\"false\" data-particle-mobile-disabled=\"false\" class=\"elementor-section elementor-top-section elementor-element elementor-element-1453b95 elementor-section-boxed elementor-section-height-default elementor-section-height-default\" data-id=\"1453b95\" data-element_type=\"section\">\n\t\t\t\t\t\t<div class=\"elementor-container elementor-column-gap-default\">\n\t\t\t\t\t<div class=\"elementor-column elementor-col-100 elementor-top-column elementor-element elementor-element-ef52757\" data-id=\"ef52757\" data-element_type=\"column\">\n\t\t\t<div class=\"elementor-widget-wrap elementor-element-populated\">\n\t\t\t\t\t\t<div class=\"elementor-element elementor-element-bade6db elementor-widget elementor-widget-text-editor\" data-id=\"bade6db\" data-element_type=\"widget\" data-widget_type=\"text-editor.default\">\n\t\t\t\t<div class=\"elementor-widget-container\">\n\t\t\t\t\t\t\t\t\t<p>Wie man ein <a title=\"B\u00fccherregal nach Ma\u00df\" href=\"https:\/\/www.schrankplaner.de\/buecherregal-nach-mass\" rel=\"\">B\u00fccherregal<\/a> einr\u00e4umen kann, davon gibt es viele verschiede Ans\u00e4tze. W\u00e4hrend die einen m\u00f6glichst viele gedruckte Werke auf den Regalb\u00f6den unterbringen wollen, sehen andere die Chance, ihr B\u00fccherregal sch\u00f6n einr\u00e4umen zu k\u00f6nnen. Und so gibt es, wie schon beim Regalsystem im Wohnzimmer die M\u00f6glichkeit das B\u00fccherregal dekorativ einr\u00e4umen zu k\u00f6nnen.<\/p>\t\t\t\t\t\t\t\t<\/div>\n\t\t\t\t<\/div>\n\t\t\t\t\t<\/div>\n\t\t<\/div>\n\t\t\t\t\t<\/div>\n\t\t<\/section>\n\t\t\t\t<section data-particle_enable=\"false\" data-particle-mobile-disabled=\"false\" class=\"elementor-section elementor-top-section elementor-element elementor-element-20e19e9 elementor-section-boxed elementor-section-height-default elementor-section-height-default\" data-id=\"20e19e9\" data-element_type=\"section\" data-settings=\"{&quot;background_background&quot;:&quot;classic&quot;}\">\n\t\t\t\t\t\t<div class=\"elementor-container elementor-column-gap-default\">\n\t\t\t\t\t<div class=\"elementor-column elementor-col-100 elementor-top-column elementor-element elementor-element-528b6a5\" data-id=\"528b6a5\" data-element_type=\"column\">\n\t\t\t<div class=\"elementor-widget-wrap elementor-element-populated\">\n\t\t\t\t\t\t<div class=\"elementor-element elementor-element-ffe62f4 elementor-invisible elementor-widget elementor-widget-heading\" data-id=\"ffe62f4\" data-element_type=\"widget\" data-settings=\"{&quot;_animation&quot;:&quot;fadeInUp&quot;,&quot;_animation_delay&quot;:600}\" data-widget_type=\"heading.default\">\n\t\t\t\t<div class=\"elementor-widget-container\">\n\t\t\t\t\t<h3 class=\"elementor-heading-title elementor-size-default\">Variante 1 \u2013 Lassen Sie Farben wirken!<\/h3>\t\t\t\t<\/div>\n\t\t\t\t<\/div>\n\t\t\t\t\t<\/div>\n\t\t<\/div>\n\t\t\t\t\t<\/div>\n\t\t<\/section>\n\t\t\t\t<section data-particle_enable=\"false\" data-particle-mobile-disabled=\"false\" class=\"elementor-section elementor-top-section elementor-element elementor-element-c903146 elementor-section-boxed elementor-section-height-default elementor-section-height-default\" data-id=\"c903146\" data-element_type=\"section\" data-settings=\"{&quot;background_background&quot;:&quot;classic&quot;}\">\n\t\t\t\t\t\t<div class=\"elementor-container elementor-column-gap-default\">\n\t\t\t\t\t<div class=\"elementor-column elementor-col-100 elementor-top-column elementor-element elementor-element-ff06c1f\" data-id=\"ff06c1f\" data-element_type=\"column\">\n\t\t\t<div class=\"elementor-widget-wrap elementor-element-populated\">\n\t\t\t\t\t\t<div class=\"elementor-element elementor-element-04251ed elementor-widget elementor-widget-text-editor\" data-id=\"04251ed\" data-element_type=\"widget\" data-widget_type=\"text-editor.default\">\n\t\t\t\t<div class=\"elementor-widget-container\">\n\t\t\t\t\t\t\t\t\t<p>Diese Methode schon beim B\u00fccherregal einr\u00e4umen dekorativ wirksam zu werden, ist ganz einfach. Sortieren Sie die B\u00fccher nach der vorherrschenden Farbe! Diese Variante nennt man Rainbow-Shelf und wirkt nat\u00fcrlich sehr geordnet aber auch wie ein wunderbarer Hingucker. Problematisch wird es nur, wenn Sie B\u00fccher sp\u00e4ter suchen und sich nicht mehr genau an deren Aussehen erinnern. Auch wenn ein Buch einen sehr bunten Einband hat, m\u00fcssen Sie sich dann f\u00fcr eine Einordnung entscheiden. Beim Regal dekorieren, nach dem Sortieren k\u00f6nnen Sie die Elemente entweder passend zur vorherrschenden Farbe stellen oder, f\u00fcr mehr Schwung und Energie in der Wirkung in kontrastreichen Kombinationen.<\/p>\t\t\t\t\t\t\t\t<\/div>\n\t\t\t\t<\/div>\n\t\t\t\t\t<\/div>\n\t\t<\/div>\n\t\t\t\t\t<\/div>\n\t\t<\/section>\n\t\t\t\t<section data-particle_enable=\"false\" data-particle-mobile-disabled=\"false\" class=\"elementor-section elementor-top-section elementor-element elementor-element-c56898d elementor-section-boxed elementor-section-height-default elementor-section-height-default\" data-id=\"c56898d\" data-element_type=\"section\">\n\t\t\t\t\t\t<div class=\"elementor-container elementor-column-gap-default\">\n\t\t\t\t\t<div class=\"elementor-column elementor-col-100 elementor-top-column elementor-element elementor-element-93c0ab3\" data-id=\"93c0ab3\" data-element_type=\"column\">\n\t\t\t<div class=\"elementor-widget-wrap elementor-element-populated\">\n\t\t\t\t\t\t<div class=\"elementor-element elementor-element-22033fa elementor-invisible elementor-widget elementor-widget-heading\" data-id=\"22033fa\" data-element_type=\"widget\" data-settings=\"{&quot;_animation&quot;:&quot;fadeInUp&quot;,&quot;_animation_delay&quot;:600}\" data-widget_type=\"heading.default\">\n\t\t\t\t<div class=\"elementor-widget-container\">\n\t\t\t\t\t<h3 class=\"elementor-heading-title elementor-size-default\">Variante 2 \u2013 Schick, schlicht und aufger\u00e4umt<\/h3>\t\t\t\t<\/div>\n\t\t\t\t<\/div>\n\t\t\t\t\t<\/div>\n\t\t<\/div>\n\t\t\t\t\t<\/div>\n\t\t<\/section>\n\t\t\t\t<section data-particle_enable=\"false\" data-particle-mobile-disabled=\"false\" class=\"elementor-section elementor-top-section elementor-element elementor-element-8ce35d0 elementor-section-boxed elementor-section-height-default elementor-section-height-default\" data-id=\"8ce35d0\" data-element_type=\"section\">\n\t\t\t\t\t\t<div class=\"elementor-container elementor-column-gap-default\">\n\t\t\t\t\t<div class=\"elementor-column elementor-col-100 elementor-top-column elementor-element elementor-element-8668adc\" data-id=\"8668adc\" data-element_type=\"column\">\n\t\t\t<div class=\"elementor-widget-wrap elementor-element-populated\">\n\t\t\t\t\t\t<div class=\"elementor-element elementor-element-087d117 elementor-widget elementor-widget-text-editor\" data-id=\"087d117\" data-element_type=\"widget\" data-widget_type=\"text-editor.default\">\n\t\t\t\t<div class=\"elementor-widget-container\">\n\t\t\t\t\t\t\t\t\t<p>Sie sind eher ein Freund zur\u00fcckhaltender Farbgestaltung? Dann sortieren Sie doch die B\u00fccher mit dem R\u00fccken zur Wand ein! Damit es nicht zu langweilig wirkt, kombinieren Sie es mit gro\u00dfen schlichten Vasen oder Buchst\u00fctzen. Beim Regal dekorieren k\u00f6nnen Sie zudem auch die Legeart variieren. Legen Sie erst einen Stapel B\u00fccher horizontal auf das Brett und stellen sie dann gleich nebenan einen weiteren senkrecht auf. Es entsteht ein Muster verschiedener Papiert\u00f6ne &#8211; schlicht, aber schick. Und Sie nutzen den Stauraum sehr effizient. Einziger Nachteil dieser sehr schicken Variante ist, dass Sie l\u00e4nger nach B\u00fcchern suchen werden, nach dem Regal einr\u00e4umen, denn Autor und Titel sind nicht mehr lesbar. Doch der vermeintliche Nachteil hat auch etwas Gutes: Denn auch die Druckwerke, von denen Sie nicht so gerne m\u00f6chten, das alle wissen, dass Sie diese lesen, k\u00f6nnen jetzt, ganz \u00f6ffentlich im Buchregal verstaut werden, ohne erkannt zu werden.<\/p>\t\t\t\t\t\t\t\t<\/div>\n\t\t\t\t<\/div>\n\t\t\t\t\t<\/div>\n\t\t<\/div>\n\t\t\t\t\t<\/div>\n\t\t<\/section>\n\t\t\t\t<section data-particle_enable=\"false\" data-particle-mobile-disabled=\"false\" class=\"elementor-section elementor-top-section elementor-element elementor-element-a710819 elementor-section-boxed elementor-section-height-default elementor-section-height-default\" data-id=\"a710819\" data-element_type=\"section\" data-settings=\"{&quot;background_background&quot;:&quot;classic&quot;}\">\n\t\t\t\t\t\t<div class=\"elementor-container elementor-column-gap-default\">\n\t\t\t\t\t<div class=\"elementor-column elementor-col-100 elementor-top-column elementor-element elementor-element-437ada4\" data-id=\"437ada4\" data-element_type=\"column\">\n\t\t\t<div class=\"elementor-widget-wrap elementor-element-populated\">\n\t\t\t\t\t\t<div class=\"elementor-element elementor-element-702731e eael-infobox-icon-bg-shape-none eael-infobox-icon-hover-bg-shape-none elementor-invisible elementor-widget elementor-widget-eael-info-box\" data-id=\"702731e\" data-element_type=\"widget\" data-settings=\"{&quot;_animation&quot;:&quot;pulse&quot;}\" data-widget_type=\"eael-info-box.default\">\n\t\t\t\t<div class=\"elementor-widget-container\">\n\t\t\t\t\t        <div class=\"eael-infobox icon-on-left\">\n\t            <div class=\"infobox-icon eael-icon-only\">\n\n            \n                            <div class=\"infobox-icon-wrap\">\n                    <i aria-hidden=\"true\" class=\"fas fa-exclamation\"><\/i>                <\/div>\n            \n            \n        <\/div>\n            <div class=\"infobox-content eael-icon-only\">\n        <div><p><strong>Tipp:<\/strong> Wenn Sie Unterst\u00fctzung ben\u00f6tigen, z\u00f6gern Sie nicht uns anzusprechen. Unsere erfahrenen Schrankplaner kennen sich aus und geben immer gute Tipps.<\/p><\/div>        <\/div>\n            <\/div>\n\n\t\t\t\t\t\t<\/div>\n\t\t\t\t<\/div>\n\t\t\t\t\t<\/div>\n\t\t<\/div>\n\t\t\t\t\t<\/div>\n\t\t<\/section>\n\t\t\t\t<section data-particle_enable=\"false\" data-particle-mobile-disabled=\"false\" class=\"elementor-section elementor-top-section elementor-element elementor-element-9212c63 elementor-section-boxed elementor-section-height-default elementor-section-height-default\" data-id=\"9212c63\" data-element_type=\"section\">\n\t\t\t\t\t\t<div class=\"elementor-container elementor-column-gap-default\">\n\t\t\t\t\t<div class=\"elementor-column elementor-col-100 elementor-top-column elementor-element elementor-element-784e555\" data-id=\"784e555\" data-element_type=\"column\">\n\t\t\t<div class=\"elementor-widget-wrap elementor-element-populated\">\n\t\t\t\t\t\t<div class=\"elementor-element elementor-element-c446502 elementor-invisible elementor-widget elementor-widget-heading\" data-id=\"c446502\" data-element_type=\"widget\" data-settings=\"{&quot;_animation&quot;:&quot;fadeInUp&quot;,&quot;_animation_delay&quot;:600}\" data-widget_type=\"heading.default\">\n\t\t\t\t<div class=\"elementor-widget-container\">\n\t\t\t\t\t<h3 class=\"elementor-heading-title elementor-size-default\">Variante 3 - Der Klassiker<\/h3>\t\t\t\t<\/div>\n\t\t\t\t<\/div>\n\t\t\t\t\t<\/div>\n\t\t<\/div>\n\t\t\t\t\t<\/div>\n\t\t<\/section>\n\t\t\t\t<section data-particle_enable=\"false\" data-particle-mobile-disabled=\"false\" class=\"elementor-section elementor-top-section elementor-element elementor-element-fa8c756 elementor-section-boxed elementor-section-height-default elementor-section-height-default\" data-id=\"fa8c756\" data-element_type=\"section\">\n\t\t\t\t\t\t<div class=\"elementor-container elementor-column-gap-default\">\n\t\t\t\t\t<div class=\"elementor-column elementor-col-100 elementor-top-column elementor-element elementor-element-4650039\" data-id=\"4650039\" data-element_type=\"column\">\n\t\t\t<div class=\"elementor-widget-wrap elementor-element-populated\">\n\t\t\t\t\t\t<div class=\"elementor-element elementor-element-292d113 elementor-widget elementor-widget-text-editor\" data-id=\"292d113\" data-element_type=\"widget\" data-widget_type=\"text-editor.default\">\n\t\t\t\t<div class=\"elementor-widget-container\">\n\t\t\t\t\t\t\t\t\t<p>Wer kennt es nicht: Die B\u00fccher und erstaunenswerten Dinge werden auf Gr\u00f6\u00dfe verglichen und dann entsprechend einger\u00e4umt. Es ergibt sich schlie\u00dflich eine fein s\u00e4uberliche ansteigende oder absteigende Linie der Druckerzeugnisse. Diese klassische Art ein Regal einzur\u00e4umen hat durchaus noch seine Berechtigung, denn es hat sich bew\u00e4hrt. Wenn Sie beim Regal dekorieren diese Ordnungsvariante nutzen wollen, aber das ganze etwas frischer wirken soll, unterbrechen Sie die B\u00fccherfront gern immer wieder, f\u00fcr Dekorationsl\u00fccken.<br \/>Lassen Sie einfach Platz, legen Sie einen Querstapel hin oder eine schicke Buchst\u00fctze. Auch hier k\u00f6nnen Vasen helfen die B\u00fccher vorm Umfallen zu bewahren und noch dabei sehr schick wirken.<\/p>\t\t\t\t\t\t\t\t<\/div>\n\t\t\t\t<\/div>\n\t\t\t\t\t<\/div>\n\t\t<\/div>\n\t\t\t\t\t<\/div>\n\t\t<\/section>\n\t\t\t\t<section data-particle_enable=\"false\" data-particle-mobile-disabled=\"false\" class=\"elementor-section elementor-top-section elementor-element elementor-element-b2674c3 elementor-section-boxed elementor-section-height-default elementor-section-height-default\" data-id=\"b2674c3\" data-element_type=\"section\" data-settings=\"{&quot;background_background&quot;:&quot;classic&quot;}\">\n\t\t\t\t\t\t<div class=\"elementor-container elementor-column-gap-default\">\n\t\t\t\t\t<div class=\"elementor-column elementor-col-50 elementor-top-column elementor-element elementor-element-978b165\" data-id=\"978b165\" data-element_type=\"column\">\n\t\t\t<div class=\"elementor-widget-wrap\">\n\t\t\t\t\t\t\t<\/div>\n\t\t<\/div>\n\t\t\t\t<div class=\"elementor-column elementor-col-50 elementor-top-column elementor-element elementor-element-d7d4462\" data-id=\"d7d4462\" data-element_type=\"column\">\n\t\t\t<div class=\"elementor-widget-wrap elementor-element-populated\">\n\t\t\t\t\t\t<div class=\"elementor-element elementor-element-e18c795 elementor-invisible elementor-widget elementor-widget-heading\" data-id=\"e18c795\" data-element_type=\"widget\" data-settings=\"{&quot;_animation&quot;:&quot;fadeInUp&quot;,&quot;_animation_delay&quot;:600}\" data-widget_type=\"heading.default\">\n\t\t\t\t<div class=\"elementor-widget-container\">\n\t\t\t\t\t<h2 class=\"elementor-heading-title elementor-size-default\">Unser Extra-Tipp beim Regal dekorieren!<\/h2>\t\t\t\t<\/div>\n\t\t\t\t<\/div>\n\t\t\t\t\t<\/div>\n\t\t<\/div>\n\t\t\t\t\t<\/div>\n\t\t<\/section>\n\t\t\t\t<section data-particle_enable=\"false\" data-particle-mobile-disabled=\"false\" class=\"elementor-section elementor-top-section elementor-element elementor-element-c0f336b elementor-section-boxed elementor-section-height-default elementor-section-height-default\" data-id=\"c0f336b\" data-element_type=\"section\" data-settings=\"{&quot;background_background&quot;:&quot;classic&quot;}\">\n\t\t\t\t\t\t<div class=\"elementor-container elementor-column-gap-default\">\n\t\t\t\t\t<div class=\"elementor-column elementor-col-50 elementor-top-column elementor-element elementor-element-5b05cf0\" data-id=\"5b05cf0\" data-element_type=\"column\">\n\t\t\t<div class=\"elementor-widget-wrap elementor-element-populated\">\n\t\t\t\t\t\t<div class=\"elementor-element elementor-element-c08226f elementor-widget elementor-widget-image\" data-id=\"c08226f\" data-element_type=\"widget\" data-widget_type=\"image.default\">\n\t\t\t\t<div class=\"elementor-widget-container\">\n\t\t\t\t\t\t\t\t\t\t\t\t\t\t\t<img decoding=\"async\" src=\"https:\/\/www.schrankplaner.de\/exklusiv\/wp-content\/uploads\/elementor\/thumbs\/Regale-dekoreiren-p5lq4llnun2wa0h9l4h52fiwm0j9rasf700zvm9zwg.jpg\" title=\"Regale dekorieren\" alt=\"Regale dekorieren\" loading=\"lazy\" \/>\t\t\t\t\t\t\t\t\t\t\t\t\t\t\t<\/div>\n\t\t\t\t<\/div>\n\t\t\t\t\t<\/div>\n\t\t<\/div>\n\t\t\t\t<div class=\"elementor-column elementor-col-50 elementor-top-column elementor-element elementor-element-2d7611d\" data-id=\"2d7611d\" data-element_type=\"column\">\n\t\t\t<div class=\"elementor-widget-wrap elementor-element-populated\">\n\t\t\t\t\t\t<div class=\"elementor-element elementor-element-10f2700 elementor-widget elementor-widget-text-editor\" data-id=\"10f2700\" data-element_type=\"widget\" data-widget_type=\"text-editor.default\">\n\t\t\t\t<div class=\"elementor-widget-container\">\n\t\t\t\t\t\t\t\t\t<p>Was sich im kommerziellen Bereich bezahlt gemacht hat, funktioniert auch daheim! Achten Sie darauf, wenn Sie ihr Wohnzimmer-Regal mit Ihren wertvollen Erinnerungsst\u00fccken einr\u00e4umen, die wichtigsten, wertvollsten Exemplare immer auf Augenh\u00f6he zu platzieren!<\/p><p>So fallen Sie nicht nur ins Auge, sondern sind auch gleich ins rechte Licht ger\u00fcckt. Schwere und gro\u00dfe B\u00fccher und St\u00fccke geh\u00f6ren eher nach unten. Auch als optische Basis f\u00fcr das einger\u00e4umte Regal.<\/p>\t\t\t\t\t\t\t\t<\/div>\n\t\t\t\t<\/div>\n\t\t\t\t\t<\/div>\n\t\t<\/div>\n\t\t\t\t\t<\/div>\n\t\t<\/section>\n\t\t\t\t<section data-particle_enable=\"false\" data-particle-mobile-disabled=\"false\" class=\"elementor-section elementor-top-section elementor-element elementor-element-7818ce9 elementor-section-boxed elementor-section-height-default elementor-section-height-default\" data-id=\"7818ce9\" data-element_type=\"section\">\n\t\t\t\t\t\t<div class=\"elementor-container elementor-column-gap-default\">\n\t\t\t\t\t<div class=\"elementor-column elementor-col-100 elementor-top-column elementor-element elementor-element-93d3531\" data-id=\"93d3531\" data-element_type=\"column\">\n\t\t\t<div class=\"elementor-widget-wrap elementor-element-populated\">\n\t\t\t\t\t\t<div class=\"elementor-element elementor-element-96ccb3d elementor-widget-divider--view-line_text elementor-widget-divider--element-align-center elementor-widget elementor-widget-global elementor-global-2362 elementor-widget-divider\" data-id=\"96ccb3d\" data-element_type=\"widget\" data-widget_type=\"divider.default\">\n\t\t\t\t<div class=\"elementor-widget-container\">\n\t\t\t\t\t\t\t<div class=\"elementor-divider\">\n\t\t\t<span class=\"elementor-divider-separator\">\n\t\t\t\t\t\t\t<span class=\"elementor-divider__text elementor-divider__element\">\n\t\t\t\tJetzt auf Schrankplaner.de\t\t\t\t<\/span>\n\t\t\t\t\t\t<\/span>\n\t\t<\/div>\n\t\t\t\t\t\t<\/div>\n\t\t\t\t<\/div>\n\t\t\t\t\t<\/div>\n\t\t<\/div>\n\t\t\t\t\t<\/div>\n\t\t<\/section>\n\t\t\t\t<section data-particle_enable=\"false\" data-particle-mobile-disabled=\"false\" class=\"elementor-section elementor-top-section elementor-element elementor-element-09a64f1 elementor-section-boxed elementor-section-height-default elementor-section-height-default\" data-id=\"09a64f1\" data-element_type=\"section\" data-settings=\"{&quot;background_background&quot;:&quot;classic&quot;}\">\n\t\t\t\t\t\t<div class=\"elementor-container elementor-column-gap-default\">\n\t\t\t\t\t<div class=\"elementor-column elementor-col-100 elementor-top-column elementor-element elementor-element-822f06b\" data-id=\"822f06b\" data-element_type=\"column\">\n\t\t\t<div class=\"elementor-widget-wrap elementor-element-populated\">\n\t\t\t\t\t\t<div class=\"elementor-element elementor-element-015e0ea elementor-invisible elementor-widget elementor-widget-global elementor-global-2365 elementor-widget-heading\" data-id=\"015e0ea\" data-element_type=\"widget\" data-settings=\"{&quot;_animation&quot;:&quot;bounceIn&quot;,&quot;_animation_delay&quot;:1000}\" data-widget_type=\"heading.default\">\n\t\t\t\t<div class=\"elementor-widget-container\">\n\t\t\t\t\t<h4 class=\"elementor-heading-title elementor-size-default\">M\u00f6bel online konfigurieren:<\/h4>\t\t\t\t<\/div>\n\t\t\t\t<\/div>\n\t\t\t\t\t<\/div>\n\t\t<\/div>\n\t\t\t\t\t<\/div>\n\t\t<\/section>\n\t\t\t\t<section data-particle_enable=\"false\" data-particle-mobile-disabled=\"false\" class=\"elementor-section elementor-top-section elementor-element elementor-element-18e2125 elementor-hidden-desktop elementor-hidden-tablet elementor-section-boxed elementor-section-height-default elementor-section-height-default\" data-id=\"18e2125\" data-element_type=\"section\" data-settings=\"{&quot;background_background&quot;:&quot;classic&quot;}\">\n\t\t\t\t\t\t<div class=\"elementor-container elementor-column-gap-default\">\n\t\t\t\t\t<div class=\"elementor-column elementor-col-100 elementor-top-column elementor-element elementor-element-8f7b2f5\" data-id=\"8f7b2f5\" data-element_type=\"column\">\n\t\t\t<div class=\"elementor-widget-wrap elementor-element-populated\">\n\t\t\t\t\t\t<div class=\"elementor-element elementor-element-8611e7d uael-ins-normal uael-img-caption-valign-bottom elementor-widget elementor-widget-global elementor-global-2368 elementor-widget-uael-image-gallery\" data-id=\"8611e7d\" data-element_type=\"widget\" data-settings=\"{&quot;slides_to_show&quot;:4,&quot;slides_to_show_tablet&quot;:3,&quot;slides_to_show_mobile&quot;:2,&quot;slides_to_scroll&quot;:1,&quot;slides_to_scroll_tablet&quot;:1,&quot;slides_to_scroll_mobile&quot;:1,&quot;column_gap&quot;:{&quot;unit&quot;:&quot;px&quot;,&quot;size&quot;:20,&quot;sizes&quot;:[]},&quot;column_gap_tablet&quot;:{&quot;unit&quot;:&quot;px&quot;,&quot;size&quot;:&quot;&quot;,&quot;sizes&quot;:[]},&quot;column_gap_mobile&quot;:{&quot;unit&quot;:&quot;px&quot;,&quot;size&quot;:&quot;&quot;,&quot;sizes&quot;:[]},&quot;caption_padding&quot;:{&quot;unit&quot;:&quot;px&quot;,&quot;top&quot;:&quot;&quot;,&quot;right&quot;:&quot;&quot;,&quot;bottom&quot;:&quot;&quot;,&quot;left&quot;:&quot;&quot;,&quot;isLinked&quot;:true},&quot;caption_padding_tablet&quot;:{&quot;unit&quot;:&quot;px&quot;,&quot;top&quot;:&quot;&quot;,&quot;right&quot;:&quot;&quot;,&quot;bottom&quot;:&quot;&quot;,&quot;left&quot;:&quot;&quot;,&quot;isLinked&quot;:true},&quot;caption_padding_mobile&quot;:{&quot;unit&quot;:&quot;px&quot;,&quot;top&quot;:&quot;&quot;,&quot;right&quot;:&quot;&quot;,&quot;bottom&quot;:&quot;&quot;,&quot;left&quot;:&quot;&quot;,&quot;isLinked&quot;:true}}\" data-widget_type=\"uael-image-gallery.default\">\n\t\t\t\t<div class=\"elementor-widget-container\">\n\t\t\t\t\t<div class=\"uael-gallery-parent uael-caption-on-image uael-gallery-unjustified\"><div data-image_carousel=\"{&quot;slidesToShow&quot;:4,&quot;slidesToScroll&quot;:1,&quot;autoplaySpeed&quot;:2000,&quot;autoplay&quot;:true,&quot;infinite&quot;:true,&quot;pauseOnHover&quot;:true,&quot;speed&quot;:500,&quot;arrows&quot;:false,&quot;dots&quot;:true,&quot;rtl&quot;:false,&quot;responsive&quot;:[{&quot;breakpoint&quot;:1024,&quot;settings&quot;:{&quot;slidesToShow&quot;:3,&quot;slidesToScroll&quot;:1}},{&quot;breakpoint&quot;:767,&quot;settings&quot;:{&quot;slidesToShow&quot;:2,&quot;slidesToScroll&quot;:1}}]}\" class=\"uael-img-gallery-wrap uael-img-carousel-wrap uael-nav-dots\" data-filter-default=\"All\"><div class=\"uael-grid-item  uael-img-gallery-item-1\"><div class=\"uael-grid-item-content\"><a class=\"uael-grid-img uael-grid-gallery-img uael-ins-hover elementor-clickable\" target=\"_blank\" rel=\"dofollow\" href=\"https:\/\/www.schrankplaner.de\/konfigurator?id=GeradeFrei\" data-elementor-open-lightbox=\"no\"><div class=\"uael-grid-img-thumbnail uael-ins-target\"><img loading=\"lazy\" decoding=\"async\" width=\"200\" height=\"200\" src=\"https:\/\/www.schrankplaner.de\/exklusiv\/wp-content\/uploads\/2020\/02\/Kleiderschrank-gerade.jpg\" class=\"attachment-full size-full wp-image-2217\" alt=\"Geraden Schrank planen\" srcset=\"https:\/\/www.schrankplaner.de\/exklusiv\/wp-content\/uploads\/2020\/02\/Kleiderschrank-gerade.jpg 200w, https:\/\/www.schrankplaner.de\/exklusiv\/wp-content\/uploads\/2020\/02\/Kleiderschrank-gerade-150x150.jpg 150w\" sizes=\"(max-width: 200px) 100vw, 200px\" \/><figcaption class=\"uael-grid-img-content\"><div class=\"uael-grid-img-caption\"><div class=\"uael-grid-caption-text\">Geraden Schrank planen<\/div><\/div><\/figcaption><\/div><div class=\"uael-grid-img-overlay\"><\/div><\/a><\/div><\/div><div class=\"uael-grid-item  uael-img-gallery-item-2\"><div class=\"uael-grid-item-content\"><a class=\"uael-grid-img uael-grid-gallery-img uael-ins-hover elementor-clickable\" target=\"_blank\" rel=\"dofollow\" href=\"https:\/\/www.schrankplaner.de\/konfigurator?id=SchraLinks\" data-elementor-open-lightbox=\"no\"><div class=\"uael-grid-img-thumbnail uael-ins-target\"><img loading=\"lazy\" decoding=\"async\" width=\"200\" height=\"200\" src=\"https:\/\/www.schrankplaner.de\/exklusiv\/wp-content\/uploads\/2020\/02\/Kleiderschrank-Schr\u00e4ge-links.jpg\" class=\"attachment-full size-full wp-image-2220\" alt=\"Schrank Schr\u00e4ge links planen\" srcset=\"https:\/\/www.schrankplaner.de\/exklusiv\/wp-content\/uploads\/2020\/02\/Kleiderschrank-Schr\u00e4ge-links.jpg 200w, https:\/\/www.schrankplaner.de\/exklusiv\/wp-content\/uploads\/2020\/02\/Kleiderschrank-Schr\u00e4ge-links-150x150.jpg 150w\" sizes=\"(max-width: 200px) 100vw, 200px\" \/><figcaption class=\"uael-grid-img-content\"><div class=\"uael-grid-img-caption\"><div class=\"uael-grid-caption-text\">Schrank Schr\u00e4ge Links planen<\/div><\/div><\/figcaption><\/div><div class=\"uael-grid-img-overlay\"><\/div><\/a><\/div><\/div><div class=\"uael-grid-item  uael-img-gallery-item-3\"><div class=\"uael-grid-item-content\"><a class=\"uael-grid-img uael-grid-gallery-img uael-ins-hover elementor-clickable\" target=\"_blank\" rel=\"dofollow\" href=\"https:\/\/www.schrankplaner.de\/konfigurator?id=SchraRechts\" data-elementor-open-lightbox=\"no\"><div class=\"uael-grid-img-thumbnail uael-ins-target\"><img loading=\"lazy\" decoding=\"async\" width=\"200\" height=\"200\" src=\"https:\/\/www.schrankplaner.de\/exklusiv\/wp-content\/uploads\/2020\/02\/Kleiderschrank-Schr\u00e4ge-rechts.jpg\" class=\"attachment-full size-full wp-image-2221\" alt=\"Schrank Schr\u00e4ge rechts planen\" srcset=\"https:\/\/www.schrankplaner.de\/exklusiv\/wp-content\/uploads\/2020\/02\/Kleiderschrank-Schr\u00e4ge-rechts.jpg 200w, https:\/\/www.schrankplaner.de\/exklusiv\/wp-content\/uploads\/2020\/02\/Kleiderschrank-Schr\u00e4ge-rechts-150x150.jpg 150w\" sizes=\"(max-width: 200px) 100vw, 200px\" \/><figcaption class=\"uael-grid-img-content\"><div class=\"uael-grid-img-caption\"><div class=\"uael-grid-caption-text\">Schrank Schr\u00e4ge Rechts planen<\/div><\/div><\/figcaption><\/div><div class=\"uael-grid-img-overlay\"><\/div><\/a><\/div><\/div><div class=\"uael-grid-item  uael-img-gallery-item-4\"><div class=\"uael-grid-item-content\"><a class=\"uael-grid-img uael-grid-gallery-img uael-ins-hover elementor-clickable\" target=\"_blank\" rel=\"dofollow\" href=\"https:\/\/www.schrankplaner.de\/konfigurator?id=SchraHinten\" data-elementor-open-lightbox=\"no\"><div class=\"uael-grid-img-thumbnail uael-ins-target\"><img loading=\"lazy\" decoding=\"async\" width=\"200\" height=\"200\" src=\"https:\/\/www.schrankplaner.de\/exklusiv\/wp-content\/uploads\/2020\/02\/Kleiderschrank-Schr\u00e4ge-hinten.jpg\" class=\"attachment-full size-full wp-image-2219\" alt=\"Schrank Schr\u00e4ge hinten planen\" srcset=\"https:\/\/www.schrankplaner.de\/exklusiv\/wp-content\/uploads\/2020\/02\/Kleiderschrank-Schr\u00e4ge-hinten.jpg 200w, https:\/\/www.schrankplaner.de\/exklusiv\/wp-content\/uploads\/2020\/02\/Kleiderschrank-Schr\u00e4ge-hinten-150x150.jpg 150w\" sizes=\"(max-width: 200px) 100vw, 200px\" \/><figcaption class=\"uael-grid-img-content\"><div class=\"uael-grid-img-caption\"><div class=\"uael-grid-caption-text\">Schrank Schr\u00e4ge Hinten planen<\/div><\/div><\/figcaption><\/div><div class=\"uael-grid-img-overlay\"><\/div><\/a><\/div><\/div><div class=\"uael-grid-item  uael-img-gallery-item-5\"><div class=\"uael-grid-item-content\"><a class=\"uael-grid-img uael-grid-gallery-img uael-ins-hover elementor-clickable\" target=\"_blank\" rel=\"dofollow\" href=\"https:\/\/www.schrankplaner.de\/konfigurator?id=SchweSch3\" data-elementor-open-lightbox=\"no\"><div class=\"uael-grid-img-thumbnail uael-ins-target\"><img loading=\"lazy\" decoding=\"async\" width=\"200\" height=\"200\" src=\"https:\/\/www.schrankplaner.de\/exklusiv\/wp-content\/uploads\/2020\/02\/Schwebet\u00fcrenschrank-drei-T\u00fcren.jpg\" class=\"attachment-full size-full wp-image-2222\" alt=\"Schwebet\u00fcrenschrank planen\" srcset=\"https:\/\/www.schrankplaner.de\/exklusiv\/wp-content\/uploads\/2020\/02\/Schwebet\u00fcrenschrank-drei-T\u00fcren.jpg 200w, https:\/\/www.schrankplaner.de\/exklusiv\/wp-content\/uploads\/2020\/02\/Schwebet\u00fcrenschrank-drei-T\u00fcren-150x150.jpg 150w\" sizes=\"(max-width: 200px) 100vw, 200px\" \/><figcaption class=\"uael-grid-img-content\"><div class=\"uael-grid-img-caption\"><div class=\"uael-grid-caption-text\">Schwebet\u00fcrenschrank planen<\/div><\/div><\/figcaption><\/div><div class=\"uael-grid-img-overlay\"><\/div><\/a><\/div><\/div><div class=\"uael-grid-item  uael-img-gallery-item-6\"><div class=\"uael-grid-item-content\"><a class=\"uael-grid-img uael-grid-gallery-img uael-ins-hover elementor-clickable\" target=\"_blank\" rel=\"dofollow\" href=\"https:\/\/www.schrankplaner.de\/konfigurator?id=Eckschrank\" data-elementor-open-lightbox=\"no\"><div class=\"uael-grid-img-thumbnail uael-ins-target\"><img loading=\"lazy\" decoding=\"async\" width=\"200\" height=\"200\" src=\"https:\/\/www.schrankplaner.de\/exklusiv\/wp-content\/uploads\/2020\/02\/Eckschrank.jpg\" class=\"attachment-full size-full wp-image-2218\" alt=\"Eckschrank planen\" srcset=\"https:\/\/www.schrankplaner.de\/exklusiv\/wp-content\/uploads\/2020\/02\/Eckschrank.jpg 200w, https:\/\/www.schrankplaner.de\/exklusiv\/wp-content\/uploads\/2020\/02\/Eckschrank-150x150.jpg 150w\" sizes=\"(max-width: 200px) 100vw, 200px\" \/><figcaption class=\"uael-grid-img-content\"><div class=\"uael-grid-img-caption\"><div class=\"uael-grid-caption-text\">Eckschrank planen<\/div><\/div><\/figcaption><\/div><div class=\"uael-grid-img-overlay\"><\/div><\/a><\/div><\/div><\/div><\/div>\t\t\t\t<\/div>\n\t\t\t\t<\/div>\n\t\t\t\t<div class=\"elementor-element elementor-element-38eabbb elementor-widget elementor-widget-global elementor-global-2462 elementor-widget-text-editor\" data-id=\"38eabbb\" data-element_type=\"widget\" data-widget_type=\"text-editor.default\">\n\t\t\t\t<div class=\"elementor-widget-container\">\n\t\t\t\t\t\t\t\t\t<p style=\"text-align: center;\">Modell antippen zum Weiterplanen im Konfigurator! Noch mehr Modelle <a title=\"Modell direkt im Konfigurator ausw\u00e4hlen\" href=\"https:\/\/www.schrankplaner.de\/konfigurator?id=Welcome\" target=\"_blank\" rel=\"noopener\">direkt im Konfigurator ausw\u00e4hlen<\/a>.<\/p>\t\t\t\t\t\t\t\t<\/div>\n\t\t\t\t<\/div>\n\t\t\t\t\t<\/div>\n\t\t<\/div>\n\t\t\t\t\t<\/div>\n\t\t<\/section>\n\t\t\t\t<section data-particle_enable=\"false\" data-particle-mobile-disabled=\"false\" class=\"elementor-section elementor-top-section elementor-element elementor-element-354a9b4 elementor-hidden-mobile elementor-section-boxed elementor-section-height-default elementor-section-height-default\" data-id=\"354a9b4\" data-element_type=\"section\" data-settings=\"{&quot;background_background&quot;:&quot;classic&quot;}\">\n\t\t\t\t\t\t<div class=\"elementor-container elementor-column-gap-default\">\n\t\t\t\t\t<div class=\"elementor-column elementor-col-16 elementor-top-column elementor-element elementor-element-7c3567f\" data-id=\"7c3567f\" data-element_type=\"column\">\n\t\t\t<div class=\"elementor-widget-wrap elementor-element-populated\">\n\t\t\t\t\t\t<div class=\"elementor-element elementor-element-5e65bb0 elementor-cta--tablet-layout-image-above elementor-cta--valign-middle elementor-widget-tablet__width-initial elementor-hidden-mobile elementor-cta--skin-classic elementor-animated-content elementor-bg-transform elementor-bg-transform-zoom-in elementor-widget elementor-widget-global elementor-global-2394 elementor-widget-call-to-action\" data-id=\"5e65bb0\" data-element_type=\"widget\" data-widget_type=\"call-to-action.default\">\n\t\t\t\t<div class=\"elementor-widget-container\">\n\t\t\t\t\t\t\t<a class=\"elementor-cta\" href=\"https:\/\/www.schrankplaner.de\/konfigurator?id=GeradeFrei\">\n\t\t\t\t\t<div class=\"elementor-cta__bg-wrapper\">\n\t\t\t\t<div class=\"elementor-cta__bg elementor-bg\" style=\"background-image: url(https:\/\/www.schrankplaner.de\/exklusiv\/wp-content\/uploads\/2020\/02\/Kleiderschrank-gerade.jpg);\" role=\"img\" aria-label=\"Geraden Schrank planen\"><\/div>\n\t\t\t\t<div class=\"elementor-cta__bg-overlay\"><\/div>\n\t\t\t<\/div>\n\t\t\t\t\t\t\t<div class=\"elementor-cta__content\">\n\t\t\t\t\n\t\t\t\t\n\t\t\t\t\t\t\t\t\t<div class=\"elementor-cta__description elementor-cta__content-item elementor-content-item\">\n\t\t\t\t\t\tGerader Schrank\t\t\t\t\t<\/div>\n\t\t\t\t\n\t\t\t\t\t\t\t\t\t<div class=\"elementor-cta__button-wrapper elementor-cta__content-item elementor-content-item \">\n\t\t\t\t\t<span class=\"elementor-cta__button elementor-button elementor-size-xs\">\n\t\t\t\t\t\tJetzt planen\t\t\t\t\t<\/span>\n\t\t\t\t\t<\/div>\n\t\t\t\t\t\t\t<\/div>\n\t\t\t\t\t\t<\/a>\n\t\t\t\t\t\t<\/div>\n\t\t\t\t<\/div>\n\t\t\t\t\t<\/div>\n\t\t<\/div>\n\t\t\t\t<div class=\"elementor-column elementor-col-16 elementor-top-column elementor-element elementor-element-ab49150\" data-id=\"ab49150\" data-element_type=\"column\">\n\t\t\t<div class=\"elementor-widget-wrap elementor-element-populated\">\n\t\t\t\t\t\t<div class=\"elementor-element elementor-element-7c67b86 elementor-cta--valign-middle elementor-widget-tablet__width-initial elementor-hidden-mobile elementor-cta--skin-classic elementor-animated-content elementor-bg-transform elementor-bg-transform-zoom-in elementor-widget elementor-widget-global elementor-global-2397 elementor-widget-call-to-action\" data-id=\"7c67b86\" data-element_type=\"widget\" data-widget_type=\"call-to-action.default\">\n\t\t\t\t<div class=\"elementor-widget-container\">\n\t\t\t\t\t\t\t<a class=\"elementor-cta\" href=\"https:\/\/www.schrankplaner.de\/konfigurator?id=SchraLinks\">\n\t\t\t\t\t<div class=\"elementor-cta__bg-wrapper\">\n\t\t\t\t<div class=\"elementor-cta__bg elementor-bg\" style=\"background-image: url(https:\/\/www.schrankplaner.de\/exklusiv\/wp-content\/uploads\/2020\/02\/Kleiderschrank-Schr\u00e4ge-links.jpg);\" role=\"img\" aria-label=\"Schrank Schr\u00e4ge links planen\"><\/div>\n\t\t\t\t<div class=\"elementor-cta__bg-overlay\"><\/div>\n\t\t\t<\/div>\n\t\t\t\t\t\t\t<div class=\"elementor-cta__content\">\n\t\t\t\t\n\t\t\t\t\n\t\t\t\t\t\t\t\t\t<div class=\"elementor-cta__description elementor-cta__content-item elementor-content-item\">\n\t\t\t\t\t\tSchrank Schr\u00e4ge Links\t\t\t\t\t<\/div>\n\t\t\t\t\n\t\t\t\t\t\t\t\t\t<div class=\"elementor-cta__button-wrapper elementor-cta__content-item elementor-content-item \">\n\t\t\t\t\t<span class=\"elementor-cta__button elementor-button elementor-size-xs\">\n\t\t\t\t\t\tJetzt planen\t\t\t\t\t<\/span>\n\t\t\t\t\t<\/div>\n\t\t\t\t\t\t\t<\/div>\n\t\t\t\t\t\t<\/a>\n\t\t\t\t\t\t<\/div>\n\t\t\t\t<\/div>\n\t\t\t\t\t<\/div>\n\t\t<\/div>\n\t\t\t\t<div class=\"elementor-column elementor-col-16 elementor-top-column elementor-element elementor-element-3166bc9\" data-id=\"3166bc9\" data-element_type=\"column\">\n\t\t\t<div class=\"elementor-widget-wrap elementor-element-populated\">\n\t\t\t\t\t\t<div class=\"elementor-element elementor-element-e9582c9 elementor-cta--valign-middle elementor-widget-tablet__width-initial elementor-hidden-mobile elementor-cta--skin-classic elementor-animated-content elementor-bg-transform elementor-bg-transform-zoom-in elementor-widget elementor-widget-global elementor-global-2400 elementor-widget-call-to-action\" data-id=\"e9582c9\" data-element_type=\"widget\" data-widget_type=\"call-to-action.default\">\n\t\t\t\t<div class=\"elementor-widget-container\">\n\t\t\t\t\t\t\t<a class=\"elementor-cta\" href=\"https:\/\/www.schrankplaner.de\/konfigurator?id=SchraRechts\">\n\t\t\t\t\t<div class=\"elementor-cta__bg-wrapper\">\n\t\t\t\t<div class=\"elementor-cta__bg elementor-bg\" style=\"background-image: url(https:\/\/www.schrankplaner.de\/exklusiv\/wp-content\/uploads\/2020\/02\/Kleiderschrank-Schr\u00e4ge-rechts.jpg);\" role=\"img\" aria-label=\"Schrank Schr\u00e4ge rechts planen\"><\/div>\n\t\t\t\t<div class=\"elementor-cta__bg-overlay\"><\/div>\n\t\t\t<\/div>\n\t\t\t\t\t\t\t<div class=\"elementor-cta__content\">\n\t\t\t\t\n\t\t\t\t\n\t\t\t\t\t\t\t\t\t<div class=\"elementor-cta__description elementor-cta__content-item elementor-content-item\">\n\t\t\t\t\t\tSchrank Schr\u00e4ge Rechts\t\t\t\t\t<\/div>\n\t\t\t\t\n\t\t\t\t\t\t\t\t\t<div class=\"elementor-cta__button-wrapper elementor-cta__content-item elementor-content-item \">\n\t\t\t\t\t<span class=\"elementor-cta__button elementor-button elementor-size-xs\">\n\t\t\t\t\t\tJetzt planen\t\t\t\t\t<\/span>\n\t\t\t\t\t<\/div>\n\t\t\t\t\t\t\t<\/div>\n\t\t\t\t\t\t<\/a>\n\t\t\t\t\t\t<\/div>\n\t\t\t\t<\/div>\n\t\t\t\t\t<\/div>\n\t\t<\/div>\n\t\t\t\t<div class=\"elementor-column elementor-col-16 elementor-top-column elementor-element elementor-element-030710b\" data-id=\"030710b\" data-element_type=\"column\">\n\t\t\t<div class=\"elementor-widget-wrap elementor-element-populated\">\n\t\t\t\t\t\t<div class=\"elementor-element elementor-element-982d326 elementor-cta--valign-middle elementor-widget-tablet__width-initial elementor-hidden-mobile elementor-cta--skin-classic elementor-animated-content elementor-bg-transform elementor-bg-transform-zoom-in elementor-widget elementor-widget-global elementor-global-2403 elementor-widget-call-to-action\" data-id=\"982d326\" data-element_type=\"widget\" data-widget_type=\"call-to-action.default\">\n\t\t\t\t<div class=\"elementor-widget-container\">\n\t\t\t\t\t\t\t<a class=\"elementor-cta\" href=\"https:\/\/www.schrankplaner.de\/konfigurator?id=SchraHinten\">\n\t\t\t\t\t<div class=\"elementor-cta__bg-wrapper\">\n\t\t\t\t<div class=\"elementor-cta__bg elementor-bg\" style=\"background-image: url(https:\/\/www.schrankplaner.de\/exklusiv\/wp-content\/uploads\/2020\/02\/Kleiderschrank-Schr\u00e4ge-hinten.jpg);\" role=\"img\" aria-label=\"Schrank Schr\u00e4ge hinten planen\"><\/div>\n\t\t\t\t<div class=\"elementor-cta__bg-overlay\"><\/div>\n\t\t\t<\/div>\n\t\t\t\t\t\t\t<div class=\"elementor-cta__content\">\n\t\t\t\t\n\t\t\t\t\n\t\t\t\t\t\t\t\t\t<div class=\"elementor-cta__description elementor-cta__content-item elementor-content-item\">\n\t\t\t\t\t\tSchrank Schr\u00e4ge Hinten\t\t\t\t\t<\/div>\n\t\t\t\t\n\t\t\t\t\t\t\t\t\t<div class=\"elementor-cta__button-wrapper elementor-cta__content-item elementor-content-item \">\n\t\t\t\t\t<span class=\"elementor-cta__button elementor-button elementor-size-xs\">\n\t\t\t\t\t\tJetzt planen\t\t\t\t\t<\/span>\n\t\t\t\t\t<\/div>\n\t\t\t\t\t\t\t<\/div>\n\t\t\t\t\t\t<\/a>\n\t\t\t\t\t\t<\/div>\n\t\t\t\t<\/div>\n\t\t\t\t\t<\/div>\n\t\t<\/div>\n\t\t\t\t<div class=\"elementor-column elementor-col-16 elementor-top-column elementor-element elementor-element-86205d9\" data-id=\"86205d9\" data-element_type=\"column\">\n\t\t\t<div class=\"elementor-widget-wrap elementor-element-populated\">\n\t\t\t\t\t\t<div class=\"elementor-element elementor-element-4c58de1 elementor-cta--valign-middle elementor-widget-tablet__width-initial elementor-hidden-mobile elementor-cta--skin-classic elementor-animated-content elementor-bg-transform elementor-bg-transform-zoom-in elementor-widget elementor-widget-global elementor-global-2406 elementor-widget-call-to-action\" data-id=\"4c58de1\" data-element_type=\"widget\" data-widget_type=\"call-to-action.default\">\n\t\t\t\t<div class=\"elementor-widget-container\">\n\t\t\t\t\t\t\t<a class=\"elementor-cta\" href=\"https:\/\/www.schrankplaner.de\/konfigurator?id=SchweSch3\">\n\t\t\t\t\t<div class=\"elementor-cta__bg-wrapper\">\n\t\t\t\t<div class=\"elementor-cta__bg elementor-bg\" style=\"background-image: url(https:\/\/www.schrankplaner.de\/exklusiv\/wp-content\/uploads\/2020\/02\/Schwebet\u00fcrenschrank-drei-T\u00fcren.jpg);\" role=\"img\" aria-label=\"Schwebet\u00fcrenschrank planen\"><\/div>\n\t\t\t\t<div class=\"elementor-cta__bg-overlay\"><\/div>\n\t\t\t<\/div>\n\t\t\t\t\t\t\t<div class=\"elementor-cta__content\">\n\t\t\t\t\n\t\t\t\t\n\t\t\t\t\t\t\t\t\t<div class=\"elementor-cta__description elementor-cta__content-item elementor-content-item\">\n\t\t\t\t\t\tSchwebet\u00fcrenschrank\t\t\t\t\t<\/div>\n\t\t\t\t\n\t\t\t\t\t\t\t\t\t<div class=\"elementor-cta__button-wrapper elementor-cta__content-item elementor-content-item \">\n\t\t\t\t\t<span class=\"elementor-cta__button elementor-button elementor-size-xs\">\n\t\t\t\t\t\tJetzt planen\t\t\t\t\t<\/span>\n\t\t\t\t\t<\/div>\n\t\t\t\t\t\t\t<\/div>\n\t\t\t\t\t\t<\/a>\n\t\t\t\t\t\t<\/div>\n\t\t\t\t<\/div>\n\t\t\t\t\t<\/div>\n\t\t<\/div>\n\t\t\t\t<div class=\"elementor-column elementor-col-16 elementor-top-column elementor-element elementor-element-1f617a5\" data-id=\"1f617a5\" data-element_type=\"column\">\n\t\t\t<div class=\"elementor-widget-wrap elementor-element-populated\">\n\t\t\t\t\t\t<div class=\"elementor-element elementor-element-027b0ad elementor-cta--valign-middle elementor-widget-tablet__width-initial elementor-hidden-mobile elementor-cta--skin-classic elementor-animated-content elementor-bg-transform elementor-bg-transform-zoom-in elementor-widget elementor-widget-global elementor-global-2409 elementor-widget-call-to-action\" data-id=\"027b0ad\" data-element_type=\"widget\" data-widget_type=\"call-to-action.default\">\n\t\t\t\t<div class=\"elementor-widget-container\">\n\t\t\t\t\t\t\t<a class=\"elementor-cta\" href=\"https:\/\/www.schrankplaner.de\/konfigurator?id=Eckschrank\">\n\t\t\t\t\t<div class=\"elementor-cta__bg-wrapper\">\n\t\t\t\t<div class=\"elementor-cta__bg elementor-bg\" style=\"background-image: url(https:\/\/www.schrankplaner.de\/exklusiv\/wp-content\/uploads\/2020\/02\/Eckschrank.jpg);\" role=\"img\" aria-label=\"Eckschrank planen\"><\/div>\n\t\t\t\t<div class=\"elementor-cta__bg-overlay\"><\/div>\n\t\t\t<\/div>\n\t\t\t\t\t\t\t<div class=\"elementor-cta__content\">\n\t\t\t\t\n\t\t\t\t\n\t\t\t\t\t\t\t\t\t<div class=\"elementor-cta__description elementor-cta__content-item elementor-content-item\">\n\t\t\t\t\t\tEckschrank\t\t\t\t\t<\/div>\n\t\t\t\t\n\t\t\t\t\t\t\t\t\t<div class=\"elementor-cta__button-wrapper elementor-cta__content-item elementor-content-item \">\n\t\t\t\t\t<span class=\"elementor-cta__button elementor-button elementor-size-xs\">\n\t\t\t\t\t\tJetzt planen\t\t\t\t\t<\/span>\n\t\t\t\t\t<\/div>\n\t\t\t\t\t\t\t<\/div>\n\t\t\t\t\t\t<\/a>\n\t\t\t\t\t\t<\/div>\n\t\t\t\t<\/div>\n\t\t\t\t\t<\/div>\n\t\t<\/div>\n\t\t\t\t\t<\/div>\n\t\t<\/section>\n\t\t\t\t<section data-particle_enable=\"false\" data-particle-mobile-disabled=\"false\" class=\"elementor-section elementor-top-section elementor-element elementor-element-9e79cf0 elementor-section-boxed elementor-section-height-default elementor-section-height-default\" data-id=\"9e79cf0\" data-element_type=\"section\">\n\t\t\t\t\t\t<div class=\"elementor-container elementor-column-gap-default\">\n\t\t\t\t\t<div class=\"elementor-column elementor-col-25 elementor-top-column elementor-element elementor-element-7185bcf\" data-id=\"7185bcf\" data-element_type=\"column\">\n\t\t\t<div class=\"elementor-widget-wrap elementor-element-populated\">\n\t\t\t\t\t\t<div class=\"elementor-element elementor-element-545867b elementor-widget elementor-widget-global elementor-global-2374 elementor-widget-image\" data-id=\"545867b\" data-element_type=\"widget\" data-widget_type=\"image.default\">\n\t\t\t\t<div class=\"elementor-widget-container\">\n\t\t\t\t\t\t\t\t\t\t\t\t\t\t\t<img loading=\"lazy\" decoding=\"async\" width=\"200\" height=\"50\" src=\"https:\/\/www.schrankplaner.de\/exklusiv\/wp-content\/uploads\/2020\/02\/Schreinerqualit\u00e4t.png\" class=\"attachment-large size-large wp-image-2351\" alt=\"Bezahlbare Schreinerqualit\u00e4t\" \/>\t\t\t\t\t\t\t\t\t\t\t\t\t\t\t<\/div>\n\t\t\t\t<\/div>\n\t\t\t\t\t<\/div>\n\t\t<\/div>\n\t\t\t\t<div class=\"elementor-column elementor-col-25 elementor-top-column elementor-element elementor-element-65d29d0\" data-id=\"65d29d0\" data-element_type=\"column\">\n\t\t\t<div class=\"elementor-widget-wrap elementor-element-populated\">\n\t\t\t\t\t\t<div class=\"elementor-element elementor-element-b5aee70 elementor-widget elementor-widget-global elementor-global-2413 elementor-widget-image\" data-id=\"b5aee70\" data-element_type=\"widget\" data-widget_type=\"image.default\">\n\t\t\t\t<div class=\"elementor-widget-container\">\n\t\t\t\t\t\t\t\t\t\t\t\t\t\t\t<img loading=\"lazy\" decoding=\"async\" width=\"200\" height=\"50\" src=\"https:\/\/www.schrankplaner.de\/exklusiv\/wp-content\/uploads\/2020\/02\/Made-in-Germany.png\" class=\"attachment-large size-large wp-image-2350\" alt=\"Fertigung in Deutschlnad\" \/>\t\t\t\t\t\t\t\t\t\t\t\t\t\t\t<\/div>\n\t\t\t\t<\/div>\n\t\t\t\t\t<\/div>\n\t\t<\/div>\n\t\t\t\t<div class=\"elementor-column elementor-col-25 elementor-top-column elementor-element elementor-element-690d1b8\" data-id=\"690d1b8\" data-element_type=\"column\">\n\t\t\t<div class=\"elementor-widget-wrap elementor-element-populated\">\n\t\t\t\t\t\t<div class=\"elementor-element elementor-element-47bc3aa elementor-widget elementor-widget-global elementor-global-2380 elementor-widget-image\" data-id=\"47bc3aa\" data-element_type=\"widget\" data-widget_type=\"image.default\">\n\t\t\t\t<div class=\"elementor-widget-container\">\n\t\t\t\t\t\t\t\t\t\t\t\t\t\t\t<img loading=\"lazy\" decoding=\"async\" width=\"205\" height=\"50\" src=\"https:\/\/www.schrankplaner.de\/exklusiv\/wp-content\/uploads\/2020\/02\/2-Mann-Lieferung.png\" class=\"attachment-large size-large wp-image-2349\" alt=\"Kostenfreie 2 Mann Lieferung\" \/>\t\t\t\t\t\t\t\t\t\t\t\t\t\t\t<\/div>\n\t\t\t\t<\/div>\n\t\t\t\t\t<\/div>\n\t\t<\/div>\n\t\t\t\t<div class=\"elementor-column elementor-col-25 elementor-top-column elementor-element elementor-element-86cd770\" data-id=\"86cd770\" data-element_type=\"column\">\n\t\t\t<div class=\"elementor-widget-wrap elementor-element-populated\">\n\t\t\t\t\t\t<div class=\"elementor-element elementor-element-0e800cc elementor-widget elementor-widget-global elementor-global-2377 elementor-widget-image\" data-id=\"0e800cc\" data-element_type=\"widget\" data-widget_type=\"image.default\">\n\t\t\t\t<div class=\"elementor-widget-container\">\n\t\t\t\t\t\t\t\t\t\t\t\t\t\t\t<img loading=\"lazy\" decoding=\"async\" width=\"200\" height=\"50\" src=\"https:\/\/www.schrankplaner.de\/exklusiv\/wp-content\/uploads\/2020\/02\/Kundenwertung.png\" class=\"attachment-large size-large wp-image-2356\" alt=\"Kundenbewertung\" \/>\t\t\t\t\t\t\t\t\t\t\t\t\t\t\t<\/div>\n\t\t\t\t<\/div>\n\t\t\t\t\t<\/div>\n\t\t<\/div>\n\t\t\t\t\t<\/div>\n\t\t<\/section>\n\t\t\t\t<section data-particle_enable=\"false\" data-particle-mobile-disabled=\"false\" class=\"elementor-section elementor-top-section elementor-element elementor-element-10dc9b40 elementor-section-boxed elementor-section-height-default elementor-section-height-default\" data-id=\"10dc9b40\" data-element_type=\"section\" data-settings=\"{&quot;background_background&quot;:&quot;classic&quot;}\">\n\t\t\t\t\t\t<div class=\"elementor-container elementor-column-gap-default\">\n\t\t\t\t\t<div class=\"elementor-column elementor-col-25 elementor-top-column elementor-element elementor-element-7781b9ec\" data-id=\"7781b9ec\" data-element_type=\"column\">\n\t\t\t<div class=\"elementor-widget-wrap elementor-element-populated\">\n\t\t\t\t\t\t<div class=\"elementor-element elementor-element-960c34c elementor-widget elementor-widget-global elementor-global-1268 elementor-widget-text-editor\" data-id=\"960c34c\" data-element_type=\"widget\" data-widget_type=\"text-editor.default\">\n\t\t\t\t<div class=\"elementor-widget-container\">\n\t\t\t\t\t\t\t\t\t<h4><em><span style=\"color: #ffffff;\">Service<\/span><\/em><\/h4>\n<br>\n<p style=\"padding-left: 40px;\"><span style=\"color: #ffffff;\"><a style=\"color: #ffffff;\" title=\"Expresslieferung\" href=\"https:\/\/www.schrankplaner.de\/expresslieferung\">Expresslieferung<\/a><\/span>\n<br>\n<span style=\"color: #ffffff;\"><a style=\"color: #ffffff;\" title=\"Musterdekore\" href=\"https:\/\/www.schrankplaner.de\/service\/musterdekore\">Musterdekore<\/a><\/span>\n<br>\n<span style=\"color: #ffffff;\"><a style=\"color: #ffffff;\" title=\"Aufma\u00dfanleitungen\" href=\"https:\/\/www.schrankplaner.de\/service\/aufmassanleitungen\">Aufma\u00dfanleitungen<\/a><\/span>\n<br>\n<span style=\"color: #ffffff;\"><a style=\"color: #ffffff;\" title=\"Aufbauanleitung\" href=\"https:\/\/www.schrankplaner.de\/kontakt\">Aufbauanleitung<\/a><\/span>\n<br>\n<span style=\"color: #ffffff;\"><a style=\"color: #ffffff;\" title=\"Beratung\" href=\"https:\/\/www.schrankplaner.de\/kontakt\">Beratung<\/a><\/span>\n<br>\n<span style=\"color: #ffffff;\"><a style=\"color: #ffffff;\" title=\"Ausstellung\" href=\"https:\/\/www.schrankplaner.de\/ausstellung-massmoebel-hersteller\">Ausstellung<\/a><\/span>\n<br>\n<span style=\"color: #ffffff;\"><a style=\"color: #ffffff;\" title=\"Aufma\u00dfservice\" href=\"https:\/\/www.schrankplaner.de\/service-aufmassservice\">Aufma\u00dfservice<\/a><\/span>\n<br>\n<span style=\"color: #ffffff;\"><a style=\"color: #ffffff;\" title=\"Montageservice\" href=\"https:\/\/www.schrankplaner.de\/service\/montageservice\">Montageservice<\/a><\/span>\n<br>\n<span style=\"color: #ffffff;\"><a style=\"color: #ffffff;\" title=\"Teile nachbestellen\" href=\"https:\/\/www.schrankplaner.de\/service\/nachbestellen\">Teile nachbestellen<\/a><\/span>\n<br>\n<span style=\"color: #ffffff;\"><a style=\"color: #ffffff;\" title=\"Lieferung und Verpackung\" href=\"https:\/\/www.schrankplaner.de\/service\/lieferung-verpackung\">Lieferung und Verpackung<\/a><\/span>\n<br>\n<span style=\"color: #ffffff;\"><a style=\"color: #ffffff;\" title=\"Sonderw\u00fcnsche\" href=\"https:\/\/www.schrankplaner.de\/service\/sonderwuensche\">Sonderw\u00fcnsche<\/a><\/span>\n<br>\n<span style=\"color: #ffffff;\"><a style=\"color: #ffffff;\" title=\"Auslandslieferung\" href=\"https:\/\/www.schrankplaner.de\/service\/auslandslieferung\">Auslandslieferung<\/a><\/span>\n<br>\n<span style=\"color: #ffffff;\"><a style=\"color: #ffffff;\" href=\"https:\/\/www.schrankplaner.de\/tischlerangebot-vergleichen\">Tischlerangebot vergleichen<\/a><\/span>\n<br>\n<span style=\"color: #ffffff;\"><a style=\"color: #ffffff;\" href=\"https:\/\/www.schrankplaner.de\/moebel-gutschein-bestellen\">Gutschein verschenken<\/a><\/span>\n<br>\n<span style=\"color: #ffffff;\"><a style=\"color: #ffffff;\" title=\"Rabatt Dekore\" href=\"https:\/\/www.schrankplaner.de\/aktions-dekore\">Aktions-Dekore<\/a><\/span>\n<br>\n<span style=\"color: #ffffff;\"><a style=\"color: #ffffff;\" title=\"H\u00e4ufige Fragen\" href=\"https:\/\/www.schrankplaner.de\/service\/faq\">H\u00e4ufige Fragen<\/a><\/span><\/p>\t\t\t\t\t\t\t\t<\/div>\n\t\t\t\t<\/div>\n\t\t\t\t\t<\/div>\n\t\t<\/div>\n\t\t\t\t<div class=\"elementor-column elementor-col-25 elementor-top-column elementor-element elementor-element-308c866\" data-id=\"308c866\" data-element_type=\"column\">\n\t\t\t<div class=\"elementor-widget-wrap elementor-element-populated\">\n\t\t\t\t\t\t<div class=\"elementor-element elementor-element-6a8979e elementor-widget elementor-widget-global elementor-global-1271 elementor-widget-text-editor\" data-id=\"6a8979e\" data-element_type=\"widget\" data-widget_type=\"text-editor.default\">\n\t\t\t\t<div class=\"elementor-widget-container\">\n\t\t\t\t\t\t\t\t\t<h4><span style=\"color: #ffffff;\"><em>Sicherheit<\/em><\/span><\/h4>\n<br>\n<p style=\"padding-left: 40px;\"><span style=\"color: #ffffff;\"><a style=\"color: #ffffff;\" title=\"5 Jahre Garantie\" href=\"https:\/\/www.schrankplaner.de\/5-jahre-garantie\">5 Jahre Garantie<\/a><\/span>\n<br>\n<span style=\"color: #ffffff;\"><a style=\"color: #ffffff;\" title=\"Zahlungsarten\" href=\"https:\/\/www.schrankplaner.de\/service\/zahlungsarten\">Zahlungsarten<\/a><\/span>\n<br>\n<span style=\"color: #ffffff;\"><a style=\"color: #ffffff;\" title=\"Kundenstimmen\" href=\"https:\/\/www.schrankplaner.de\/kundenstimmen\">Kundenstimmen<\/a><\/span>\n<br>\n<span style=\"color: #ffffff;\"><a style=\"color: #ffffff;\" title=\"Datenschutz\" href=\"https:\/\/www.schrankplaner.de\/datenschutz\">Datenschutz<\/a><\/span>\n<br>\n<a title=\"Ausgezeichnete Verarbeitung &amp; Teile\" href=\"https:\/\/www.schrankplaner.de\/qualitaet\"><span style=\"color: #ffffff;\">Ausgezeichnete Verarbeitung &amp; Teile<\/span><\/a><\/p>\t\t\t\t\t\t\t\t<\/div>\n\t\t\t\t<\/div>\n\t\t\t\t\t<\/div>\n\t\t<\/div>\n\t\t\t\t<div class=\"elementor-column elementor-col-25 elementor-top-column elementor-element elementor-element-44c59b65\" data-id=\"44c59b65\" data-element_type=\"column\">\n\t\t\t<div class=\"elementor-widget-wrap elementor-element-populated\">\n\t\t\t\t\t\t<div class=\"elementor-element elementor-element-3768ce5 elementor-widget elementor-widget-global elementor-global-1274 elementor-widget-text-editor\" data-id=\"3768ce5\" data-element_type=\"widget\" data-widget_type=\"text-editor.default\">\n\t\t\t\t<div class=\"elementor-widget-container\">\n\t\t\t\t\t\t\t\t\t<h4><span style=\"color: #ffffff;\"><em>Produkte<\/em><\/span><\/h4>\n<br>\n<p style=\"padding-left: 40px;\"><span style=\"color: #ffffff;\"><a style=\"color: #ffffff;\" title=\"Dachschr\u00e4genschrank\" href=\"https:\/\/www.schrankplaner.de\/dachschraegenschrank\" target=\"_self\">Dachschr\u00e4gen Schrank<\/a><\/span>\n<br>\n<span style=\"color: #ffffff;\"><a style=\"color: #ffffff;\" title=\"Kleiderschrank\" href=\"https:\/\/www.schrankplaner.de\/moebel-planen\/kleiderschrank\">Kleiderschrank<\/a><\/span>\n<br>\n<span style=\"color: #ffffff;\"><a style=\"color: #ffffff;\" title=\"Schwebet\u00fcrenschrank\" href=\"https:\/\/www.schrankplaner.de\/moebel-planen\/schwebetuerenschrank\">Schwebet\u00fcrenschrank<\/a><\/span>\n<br>\n<span style=\"color: #ffffff;\"><a style=\"color: #ffffff;\" title=\"Aktenschrank\" href=\"https:\/\/www.schrankplaner.de\/aktenschrank\">Aktenschrank<\/a><\/span>\n<br>\n<span style=\"color: #ffffff;\"><a style=\"color: #ffffff;\" title=\"Ankleide\" href=\"https:\/\/www.schrankplaner.de\/ankleide\">Ankleide<\/a><\/span>\n<br>\n<span style=\"color: #ffffff;\"><a style=\"color: #ffffff;\" title=\"Einbauschrank\" href=\"https:\/\/www.schrankplaner.de\/moebel-planen\/einbauschrank\">Einbauschrank<\/a><\/span>\n<br>\n<span style=\"color: #ffffff;\"><a style=\"color: #ffffff;\" title=\"Eckschrank\" href=\"https:\/\/www.schrankplaner.de\/moebel-planen\/eckschrank\">Eckschrank<\/a><\/span>\n<br>\n<span style=\"color: #ffffff;\"><a style=\"color: #ffffff;\" title=\"Regal\" href=\"https:\/\/www.schrankplaner.de\/moebel-planen\/regal\">Regal<\/a><\/span>\n<br>\n<span style=\"color: #ffffff;\"><a style=\"color: #ffffff;\" title=\"Schiebet\u00fcr\" href=\"https:\/\/www.schrankplaner.de\/moebel-planen\/schiebetuer\">Schiebet\u00fcr<\/a><\/span>\n<br>\n<span style=\"color: #ffffff;\"><a style=\"color: #ffffff;\" title=\"Sideboard\" href=\"https:\/\/www.schrankplaner.de\/moebel-planen\/sideboard\">Sideboard<\/a><\/span>\n<br>\n<span style=\"color: #ffffff;\"><a style=\"color: #ffffff;\" title=\"Kommode\" href=\"https:\/\/www.schrankplaner.de\/moebel-planen\/kommode\">Kommode<\/a><\/span>\n<br>\n<span style=\"color: #ffffff;\"><a style=\"color: #ffffff;\" title=\"H\u00e4ngeboard\" href=\"https:\/\/www.schrankplaner.de\/moebel-planen\/haengeboard\">H\u00e4ngeboard<\/a><\/span>\n<br>\n<a title=\"Tisch\" href=\"https:\/\/www.schrankplaner.de\/moebel-planen\/tisch-nach-mass\"><span style=\"color: #ffffff;\">Tisch<\/span><\/a><\/p>\t\t\t\t\t\t\t\t<\/div>\n\t\t\t\t<\/div>\n\t\t\t\t\t<\/div>\n\t\t<\/div>\n\t\t\t\t<div class=\"elementor-column elementor-col-25 elementor-top-column elementor-element elementor-element-5fc77fe5\" data-id=\"5fc77fe5\" data-element_type=\"column\">\n\t\t\t<div class=\"elementor-widget-wrap elementor-element-populated\">\n\t\t\t\t\t\t<div class=\"elementor-element elementor-element-39a7b4e elementor-widget elementor-widget-global elementor-global-1277 elementor-widget-text-editor\" data-id=\"39a7b4e\" data-element_type=\"widget\" data-widget_type=\"text-editor.default\">\n\t\t\t\t<div class=\"elementor-widget-container\">\n\t\t\t\t\t\t\t\t\t<h4><span style=\"color: #ffffff;\"><em>Unternehmen<\/em><\/span><\/h4>\n<br>\n<p style=\"padding-left: 40px;\"><span style=\"color: #ffffff;\"><a style=\"color: #ffffff;\" title=\"Impressum\" href=\"https:\/\/www.schrankplaner.de\/impressum\">Impressum<\/a><\/span>\n<br>\n<span style=\"color: #ffffff;\"><a style=\"color: #ffffff;\" title=\"AGB\" href=\"https:\/\/www.schrankplaner.de\/agb\">AGB<\/a><\/span>\n<br>\n<span style=\"color: #ffffff;\"><a style=\"color: #ffffff;\" title=\"Kontakt\" href=\"https:\/\/www.schrankplaner.de\/kontakt\">Kontakt<\/a><\/span>\n<br>\n<span style=\"color: #ffffff;\"><a style=\"color: #ffffff;\" title=\"Das Schrankplaner System\" href=\"https:\/\/www.schrankplaner.de\/schrankplaner-system\">Das Schrankplaner System<\/a><\/span>\n<br>\n<span style=\"color: #ffffff;\"><a style=\"color: #ffffff;\" title=\"Schrankplaner im Tv\" href=\"https:\/\/www.schrankplaner.de\/schrankplaner-im-tv\">Schrankplaner im Tv<\/a><\/span>\n<br>\n<span style=\"color: #ffffff;\"><a style=\"color: #ffffff;\" title=\"Themen\u00fcbersicht\" href=\"https:\/\/www.schrankplaner.de\/sitemap\">Themen\u00fcbersicht<\/a><\/span>\n<br>\n<span style=\"color: #ffffff;\"><a style=\"color: #ffffff;\" title=\"Jobs\" href=\"https:\/\/www.schrankplaner.de\/jobs\">Jobs<\/a><\/span>\n<br>\n<span style=\"color: #ffffff;\"><a style=\"color: #ffffff;\" href=\"https:\/\/www.schrankplaner.de\/objekteinrichtung-nach-mass\">B2B Objekteinrichtung<\/a><\/span>\n<br>\n<a title=\"M\u00f6belteile f\u00fcr Tischler &amp; Schreiner nach Ma\u00df\" href=\"https:\/\/www.schrankplaner.de\/mobelfertigteile-fuer-schreiner-tischler-nach-mass\"><span style=\"color: #ffffff;\">M\u00f6belfertigteile f\u00fcr Schreiner<\/span><\/a><\/p>\t\t\t\t\t\t\t\t<\/div>\n\t\t\t\t<\/div>\n\t\t\t\t\t<\/div>\n\t\t<\/div>\n\t\t\t\t\t<\/div>\n\t\t<\/section>\n\t\t\t\t<section data-particle_enable=\"false\" data-particle-mobile-disabled=\"false\" class=\"elementor-section elementor-top-section elementor-element elementor-element-5393daaa elementor-section-boxed elementor-section-height-default elementor-section-height-default\" data-id=\"5393daaa\" data-element_type=\"section\">\n\t\t\t\t\t\t<div class=\"elementor-container elementor-column-gap-default\">\n\t\t\t\t\t<div class=\"elementor-column elementor-col-100 elementor-top-column elementor-element elementor-element-2b8b2d6b\" data-id=\"2b8b2d6b\" data-element_type=\"column\">\n\t\t\t<div class=\"elementor-widget-wrap\">\n\t\t\t\t\t\t\t<\/div>\n\t\t<\/div>\n\t\t\t\t\t<\/div>\n\t\t<\/section>\n\t\t\t\t<section data-particle_enable=\"false\" data-particle-mobile-disabled=\"false\" class=\"elementor-section elementor-top-section elementor-element elementor-element-1917fb8 elementor-section-height-min-height elementor-section-content-middle elementor-hidden-desktop elementor-hidden-tablet elementor-section-boxed elementor-section-height-default elementor-section-items-middle\" data-id=\"1917fb8\" data-element_type=\"section\" data-settings=\"{&quot;background_background&quot;:&quot;classic&quot;,&quot;sticky&quot;:&quot;bottom&quot;,&quot;sticky_on&quot;:[&quot;mobile&quot;],&quot;sticky_offset&quot;:0,&quot;sticky_effects_offset&quot;:0,&quot;sticky_anchor_link_offset&quot;:0}\">\n\t\t\t\t\t\t<div class=\"elementor-container elementor-column-gap-no\">\n\t\t\t\t\t<div class=\"elementor-column elementor-col-100 elementor-top-column elementor-element elementor-element-dd3f4fb\" data-id=\"dd3f4fb\" data-element_type=\"column\">\n\t\t\t<div class=\"elementor-widget-wrap elementor-element-populated\">\n\t\t\t\t\t\t<div class=\"elementor-element elementor-element-dc62412 elementor-widget elementor-widget-global elementor-global-1655 elementor-widget-image\" data-id=\"dc62412\" data-element_type=\"widget\" data-widget_type=\"image.default\">\n\t\t\t\t<div class=\"elementor-widget-container\">\n\t\t\t\t\t\t\t\t\t\t\t\t\t\t\t\t<a href=\"https:\/\/www.schrankplaner.de\/service\/musterdekore\/\">\n\t\t\t\t\t\t\t<img loading=\"lazy\" decoding=\"async\" width=\"500\" height=\"147\" src=\"https:\/\/www.schrankplaner.de\/exklusiv\/wp-content\/uploads\/2020\/02\/Musterpaket_Mobile.png\" class=\"attachment-full size-full wp-image-1640\" alt=\"Musterpaket_Mobile\" srcset=\"https:\/\/www.schrankplaner.de\/exklusiv\/wp-content\/uploads\/2020\/02\/Musterpaket_Mobile.png 500w, https:\/\/www.schrankplaner.de\/exklusiv\/wp-content\/uploads\/2020\/02\/Musterpaket_Mobile-300x88.png 300w\" sizes=\"(max-width: 500px) 100vw, 500px\" \/>\t\t\t\t\t\t\t\t<\/a>\n\t\t\t\t\t\t\t\t\t\t\t\t\t\t\t<\/div>\n\t\t\t\t<\/div>\n\t\t\t\t\t<\/div>\n\t\t<\/div>\n\t\t\t\t\t<\/div>\n\t\t<\/section>\n\t\t\t\t<section data-particle_enable=\"false\" data-particle-mobile-disabled=\"false\" class=\"elementor-section elementor-top-section elementor-element elementor-element-fd3a362 elementor-section-height-min-height elementor-section-content-middle elementor-hidden-phone elementor-section-boxed elementor-section-height-default elementor-section-items-middle\" data-id=\"fd3a362\" data-element_type=\"section\" data-settings=\"{&quot;background_background&quot;:&quot;classic&quot;,&quot;sticky&quot;:&quot;bottom&quot;,&quot;sticky_on&quot;:[&quot;desktop&quot;,&quot;tablet&quot;],&quot;sticky_offset&quot;:0,&quot;sticky_effects_offset&quot;:0,&quot;sticky_anchor_link_offset&quot;:0}\">\n\t\t\t\t\t\t<div class=\"elementor-container elementor-column-gap-no\">\n\t\t\t\t\t<div class=\"elementor-column elementor-col-16 elementor-top-column elementor-element elementor-element-7f5312c\" data-id=\"7f5312c\" data-element_type=\"column\">\n\t\t\t<div class=\"elementor-widget-wrap elementor-element-populated\">\n\t\t\t\t\t\t<div class=\"elementor-element elementor-element-280dfb9 elementor-hidden-mobile elementor-widget elementor-widget-global elementor-global-1646 elementor-widget-image\" data-id=\"280dfb9\" data-element_type=\"widget\" data-widget_type=\"image.default\">\n\t\t\t\t<div class=\"elementor-widget-container\">\n\t\t\t\t\t\t\t\t\t\t\t\t\t\t\t<img loading=\"lazy\" decoding=\"async\" width=\"454\" height=\"101\" src=\"https:\/\/www.schrankplaner.de\/exklusiv\/wp-content\/uploads\/2020\/02\/logo_hochwertige_m\u00f6bel_nach_ma\u00df.png\" class=\"attachment-full size-full wp-image-1486\" alt=\"hochwertige_m\u00f6bel_nach_ma\u00df\" srcset=\"https:\/\/www.schrankplaner.de\/exklusiv\/wp-content\/uploads\/2020\/02\/logo_hochwertige_m\u00f6bel_nach_ma\u00df.png 454w, https:\/\/www.schrankplaner.de\/exklusiv\/wp-content\/uploads\/2020\/02\/logo_hochwertige_m\u00f6bel_nach_ma\u00df-300x67.png 300w\" sizes=\"(max-width: 454px) 100vw, 454px\" \/>\t\t\t\t\t\t\t\t\t\t\t\t\t\t\t<\/div>\n\t\t\t\t<\/div>\n\t\t\t\t\t<\/div>\n\t\t<\/div>\n\t\t\t\t<div class=\"elementor-column elementor-col-66 elementor-top-column elementor-element elementor-element-6a76193 elementor-hidden-phone\" data-id=\"6a76193\" data-element_type=\"column\">\n\t\t\t<div class=\"elementor-widget-wrap elementor-element-populated\">\n\t\t\t\t\t\t<div class=\"elementor-element elementor-element-f26b592 elementor-hidden-mobile elementor-position-top elementor-widget elementor-widget-global elementor-global-1649 elementor-widget-image-box\" data-id=\"f26b592\" data-element_type=\"widget\" data-widget_type=\"image-box.default\">\n\t\t\t\t<div class=\"elementor-widget-container\">\n\t\t\t\t\t<div class=\"elementor-image-box-wrapper\"><figure class=\"elementor-image-box-img\"><img loading=\"lazy\" decoding=\"async\" width=\"800\" height=\"114\" src=\"https:\/\/www.schrankplaner.de\/exklusiv\/wp-content\/uploads\/2020\/02\/Schraenke-wechseln.png\" class=\"elementor-animation-wobble-vertical attachment-full size-full wp-image-2621\" alt=\"Schraenke-wechseln\" srcset=\"https:\/\/www.schrankplaner.de\/exklusiv\/wp-content\/uploads\/2020\/02\/Schraenke-wechseln.png 800w, https:\/\/www.schrankplaner.de\/exklusiv\/wp-content\/uploads\/2020\/02\/Schraenke-wechseln-300x43.png 300w, https:\/\/www.schrankplaner.de\/exklusiv\/wp-content\/uploads\/2020\/02\/Schraenke-wechseln-768x109.png 768w\" sizes=\"(max-width: 800px) 100vw, 800px\" \/><\/figure><\/div>\t\t\t\t<\/div>\n\t\t\t\t<\/div>\n\t\t\t\t\t<\/div>\n\t\t<\/div>\n\t\t\t\t<div class=\"elementor-column elementor-col-16 elementor-top-column elementor-element elementor-element-8b99a51\" data-id=\"8b99a51\" data-element_type=\"column\">\n\t\t\t<div class=\"elementor-widget-wrap elementor-element-populated\">\n\t\t\t\t\t\t<div class=\"elementor-element elementor-element-68665d4 elementor-hidden-mobile elementor-widget elementor-widget-global elementor-global-1652 elementor-widget-image\" data-id=\"68665d4\" data-element_type=\"widget\" data-widget_type=\"image.default\">\n\t\t\t\t<div class=\"elementor-widget-container\">\n\t\t\t\t\t\t\t\t\t\t\t\t\t\t\t\t<a href=\"https:\/\/www.schrankplaner.de\/service\/musterdekore\/\">\n\t\t\t\t\t\t\t<img loading=\"lazy\" decoding=\"async\" width=\"300\" height=\"300\" src=\"https:\/\/www.schrankplaner.de\/exklusiv\/wp-content\/uploads\/2020\/02\/Musterpaket_V2.png\" class=\"elementor-animation-buzz-out attachment-full size-full wp-image-1463\" alt=\"Kostenloses Musterpaket\" srcset=\"https:\/\/www.schrankplaner.de\/exklusiv\/wp-content\/uploads\/2020\/02\/Musterpaket_V2.png 300w, https:\/\/www.schrankplaner.de\/exklusiv\/wp-content\/uploads\/2020\/02\/Musterpaket_V2-150x150.png 150w\" sizes=\"(max-width: 300px) 100vw, 300px\" \/>\t\t\t\t\t\t\t\t<\/a>\n\t\t\t\t\t\t\t\t\t\t\t\t\t\t\t<\/div>\n\t\t\t\t<\/div>\n\t\t\t\t\t<\/div>\n\t\t<\/div>\n\t\t\t\t\t<\/div>\n\t\t<\/section>\n\t\t\t\t<section data-particle_enable=\"false\" data-particle-mobile-disabled=\"false\" class=\"elementor-section elementor-top-section elementor-element elementor-element-2283ba4e elementor-section-boxed elementor-section-height-default elementor-section-height-default\" data-id=\"2283ba4e\" data-element_type=\"section\" data-settings=\"{&quot;background_background&quot;:&quot;classic&quot;}\">\n\t\t\t\t\t\t<div class=\"elementor-container elementor-column-gap-default\">\n\t\t\t\t\t<div class=\"elementor-column elementor-col-100 elementor-top-column elementor-element elementor-element-504adb4c\" data-id=\"504adb4c\" data-element_type=\"column\">\n\t\t\t<div class=\"elementor-widget-wrap elementor-element-populated\">\n\t\t\t\t\t\t<div class=\"elementor-element elementor-element-2b2e2ca elementor-widget elementor-widget-global elementor-global-1280 elementor-widget-text-editor\" data-id=\"2b2e2ca\" data-element_type=\"widget\" data-widget_type=\"text-editor.default\">\n\t\t\t\t<div class=\"elementor-widget-container\">\n\t\t\t\t\t\t\t\t\t<sub>\u00a9 2024 schrankplaner.de. All Rights Reserved.<\/sub>\t\t\t\t\t\t\t\t<\/div>\n\t\t\t\t<\/div>\n\t\t\t\t\t<\/div>\n\t\t<\/div>\n\t\t\t\t\t<\/div>\n\t\t<\/section>\n\t\t\t\t<\/div>\n\t\t","protected":false},"excerpt":{"rendered":"<p>Offene Regale sind einfach ein Klassiker in der M\u00f6belwelt. Passende individuelle Exemplare k\u00f6nnen Sie sich in unserem M\u00f6belkonfigurator erstellen \u2013 auch f\u00fcr R\u00e4ume mit Dachschr\u00e4gen oder Einengungen. Regale passen immer in jeden Raum! Sie bieten viel Stauraum und sind, richtig einger\u00e4umt, sehr ansehnlich. Ob als Raumtrenner oder Aufbewahrungsm\u00f6bel &#8211; wir zeigen, wie Sie Regale dekorieren k\u00f6nnen und so nicht nur den Platz gut nutzen, sondern auch einen attraktiven Ort zum Hinschauen im Zimmer schaffen. Dabei sind es oft nur kleine Kniffe und Tricks, die beim Regal dekorieren den Unterschied machen.<\/p>\n","protected":false},"author":2,"featured_media":2840,"comment_status":"closed","ping_status":"open","sticky":false,"template":"elementor_canvas","format":"standard","meta":{"site-sidebar-layout":"default","site-content-layout":"default","ast-site-content-layout":"","site-content-style":"default","site-sidebar-style":"default","ast-global-header-display":"","ast-banner-title-visibility":"","ast-main-header-display":"","ast-hfb-above-header-display":"","ast-hfb-below-header-display":"","ast-hfb-mobile-header-display":"","site-post-title":"","ast-breadcrumbs-content":"","ast-featured-img":"","footer-sml-layout":"","theme-transparent-header-meta":"default","adv-header-id-meta":"","stick-header-meta":"","header-above-stick-meta":"","header-main-stick-meta":"","header-below-stick-meta":"","astra-migrate-meta-layouts":"default","ast-page-background-enabled":"default","ast-page-background-meta":{"desktop":{"background-color":"var(--ast-global-color-4)","background-image":"","background-repeat":"repeat","background-position":"center center","background-size":"auto","background-attachment":"scroll","background-type":"","background-media":"","overlay-type":"","overlay-color":"","overlay-opacity":"","overlay-gradient":""},"tablet":{"background-color":"","background-image":"","background-repeat":"repeat","background-position":"center center","background-size":"auto","background-attachment":"scroll","background-type":"","background-media":"","overlay-type":"","overlay-color":"","overlay-opacity":"","overlay-gradient":""},"mobile":{"background-color":"","background-image":"","background-repeat":"repeat","background-position":"center center","background-size":"auto","background-attachment":"scroll","background-type":"","background-media":"","overlay-type":"","overlay-color":"","overlay-opacity":"","overlay-gradient":""}},"ast-content-background-meta":{"desktop":{"background-color":"var(--ast-global-color-5)","background-image":"","background-repeat":"repeat","background-position":"center center","background-size":"auto","background-attachment":"scroll","background-type":"","background-media":"","overlay-type":"","overlay-color":"","overlay-opacity":"","overlay-gradient":""},"tablet":{"background-color":"var(--ast-global-color-5)","background-image":"","background-repeat":"repeat","background-position":"center center","background-size":"auto","background-attachment":"scroll","background-type":"","background-media":"","overlay-type":"","overlay-color":"","overlay-opacity":"","overlay-gradient":""},"mobile":{"background-color":"var(--ast-global-color-5)","background-image":"","background-repeat":"repeat","background-position":"center center","background-size":"auto","background-attachment":"scroll","background-type":"","background-media":"","overlay-type":"","overlay-color":"","overlay-opacity":"","overlay-gradient":""}},"footnotes":""},"categories":[55,56],"tags":[80,79,77,75,78,76],"class_list":["post-2829","post","type-post","status-publish","format-standard","has-post-thumbnail","hentry","category-ordnung-im-schrank","category-themen","tag-buecherregal-dekorativ-einraeumen","tag-buecherregal-einraeumen","tag-regal-einraeumen","tag-regale-dekorieren","tag-regalsysteme-wohnzimmer","tag-wohnzimmer-regal"],"yoast_head":"<!-- This site is optimized with the Yoast SEO plugin v26.9 - https:\/\/yoast.com\/product\/yoast-seo-wordpress\/ -->\n<title>Regale dekorieren: dekorativ einr\u00e4umen - so geht`s<\/title>\n<meta name=\"description\" content=\"Ob als Raumtrenner oder Aufbewahrungsm\u00f6bel - wir zeigen, wie Sie Regale dekorieren k\u00f6nnen und so nicht nur den Platz gut nutzen. Regale einr\u00e4umen\" \/>\n<meta name=\"robots\" content=\"index, follow, max-snippet:-1, max-image-preview:large, max-video-preview:-1\" \/>\n<link rel=\"canonical\" href=\"https:\/\/www.schrankplaner.de\/exklusiv\/regale-dekorieren-wohnzimmer-regal-einraeumen\/\" \/>\n<meta property=\"og:locale\" content=\"de_DE\" \/>\n<meta property=\"og:type\" content=\"article\" \/>\n<meta property=\"og:title\" content=\"Regale dekorieren: dekorativ einr\u00e4umen - so geht`s\" \/>\n<meta property=\"og:description\" content=\"Ob als Raumtrenner oder Aufbewahrungsm\u00f6bel - wir zeigen, wie Sie Regale dekorieren k\u00f6nnen und so nicht nur den Platz gut nutzen. Regale einr\u00e4umen\" \/>\n<meta property=\"og:url\" content=\"https:\/\/www.schrankplaner.de\/exklusiv\/regale-dekorieren-wohnzimmer-regal-einraeumen\/\" \/>\n<meta property=\"og:site_name\" content=\"Schrankplaner Exklusiv\" \/>\n<meta property=\"article:published_time\" content=\"2021-04-12T09:29:50+00:00\" \/>\n<meta property=\"article:modified_time\" content=\"2025-06-18T11:39:26+00:00\" \/>\n<meta property=\"og:image\" content=\"https:\/\/www.schrankplaner.de\/exklusiv\/wp-content\/uploads\/2021\/04\/Wohnzimmer-Regal-einraeumen.jpg\" \/>\n\t<meta property=\"og:image:width\" content=\"827\" \/>\n\t<meta property=\"og:image:height\" content=\"505\" \/>\n\t<meta property=\"og:image:type\" content=\"image\/jpeg\" \/>\n<meta name=\"author\" content=\"Paul\" \/>\n<meta name=\"twitter:card\" content=\"summary_large_image\" \/>\n<meta name=\"twitter:label1\" content=\"Geschrieben von\" \/>\n\t<meta name=\"twitter:data1\" content=\"Paul\" \/>\n\t<meta name=\"twitter:label2\" content=\"Gesch\u00e4tzte Lesezeit\" \/>\n\t<meta name=\"twitter:data2\" content=\"13\u00a0Minuten\" \/>\n<script type=\"application\/ld+json\" class=\"yoast-schema-graph\">{\"@context\":\"https:\/\/schema.org\",\"@graph\":[{\"@type\":\"Article\",\"@id\":\"https:\/\/www.schrankplaner.de\/exklusiv\/regale-dekorieren-wohnzimmer-regal-einraeumen\/#article\",\"isPartOf\":{\"@id\":\"https:\/\/www.schrankplaner.de\/exklusiv\/regale-dekorieren-wohnzimmer-regal-einraeumen\/\"},\"author\":{\"name\":\"Paul\",\"@id\":\"https:\/\/www.schrankplaner.de\/exklusiv\/#\/schema\/person\/6892ccd1b8543a2031229f3b609b5c31\"},\"headline\":\"So simpel, so effektvoll: Regale dekorieren\",\"datePublished\":\"2021-04-12T09:29:50+00:00\",\"dateModified\":\"2025-06-18T11:39:26+00:00\",\"mainEntityOfPage\":{\"@id\":\"https:\/\/www.schrankplaner.de\/exklusiv\/regale-dekorieren-wohnzimmer-regal-einraeumen\/\"},\"wordCount\":1094,\"publisher\":{\"@id\":\"https:\/\/www.schrankplaner.de\/exklusiv\/#organization\"},\"image\":{\"@id\":\"https:\/\/www.schrankplaner.de\/exklusiv\/regale-dekorieren-wohnzimmer-regal-einraeumen\/#primaryimage\"},\"thumbnailUrl\":\"https:\/\/www.schrankplaner.de\/exklusiv\/wp-content\/uploads\/2021\/04\/Wohnzimmer-Regal-einraeumen.jpg\",\"keywords\":[\"b\u00fccherregal dekorativ einr\u00e4umen\",\"b\u00fccherregal einr\u00e4umen\",\"regal einr\u00e4umen\",\"regale dekorieren\",\"regalsysteme wohnzimmer\",\"wohnzimmer regal\"],\"articleSection\":[\"Ordnung im Schrank\",\"Themen\"],\"inLanguage\":\"de\"},{\"@type\":\"WebPage\",\"@id\":\"https:\/\/www.schrankplaner.de\/exklusiv\/regale-dekorieren-wohnzimmer-regal-einraeumen\/\",\"url\":\"https:\/\/www.schrankplaner.de\/exklusiv\/regale-dekorieren-wohnzimmer-regal-einraeumen\/\",\"name\":\"Regale dekorieren: dekorativ einr\u00e4umen - so geht`s\",\"isPartOf\":{\"@id\":\"https:\/\/www.schrankplaner.de\/exklusiv\/#website\"},\"primaryImageOfPage\":{\"@id\":\"https:\/\/www.schrankplaner.de\/exklusiv\/regale-dekorieren-wohnzimmer-regal-einraeumen\/#primaryimage\"},\"image\":{\"@id\":\"https:\/\/www.schrankplaner.de\/exklusiv\/regale-dekorieren-wohnzimmer-regal-einraeumen\/#primaryimage\"},\"thumbnailUrl\":\"https:\/\/www.schrankplaner.de\/exklusiv\/wp-content\/uploads\/2021\/04\/Wohnzimmer-Regal-einraeumen.jpg\",\"datePublished\":\"2021-04-12T09:29:50+00:00\",\"dateModified\":\"2025-06-18T11:39:26+00:00\",\"description\":\"Ob als Raumtrenner oder Aufbewahrungsm\u00f6bel - wir zeigen, wie Sie Regale dekorieren k\u00f6nnen und so nicht nur den Platz gut nutzen. Regale einr\u00e4umen\",\"breadcrumb\":{\"@id\":\"https:\/\/www.schrankplaner.de\/exklusiv\/regale-dekorieren-wohnzimmer-regal-einraeumen\/#breadcrumb\"},\"inLanguage\":\"de\",\"potentialAction\":[{\"@type\":\"ReadAction\",\"target\":[\"https:\/\/www.schrankplaner.de\/exklusiv\/regale-dekorieren-wohnzimmer-regal-einraeumen\/\"]}]},{\"@type\":\"ImageObject\",\"inLanguage\":\"de\",\"@id\":\"https:\/\/www.schrankplaner.de\/exklusiv\/regale-dekorieren-wohnzimmer-regal-einraeumen\/#primaryimage\",\"url\":\"https:\/\/www.schrankplaner.de\/exklusiv\/wp-content\/uploads\/2021\/04\/Wohnzimmer-Regal-einraeumen.jpg\",\"contentUrl\":\"https:\/\/www.schrankplaner.de\/exklusiv\/wp-content\/uploads\/2021\/04\/Wohnzimmer-Regal-einraeumen.jpg\",\"width\":827,\"height\":505,\"caption\":\"Regale dekorieren und einr\u00e4umen\"},{\"@type\":\"BreadcrumbList\",\"@id\":\"https:\/\/www.schrankplaner.de\/exklusiv\/regale-dekorieren-wohnzimmer-regal-einraeumen\/#breadcrumb\",\"itemListElement\":[{\"@type\":\"ListItem\",\"position\":1,\"name\":\"Startseite\",\"item\":\"https:\/\/www.schrankplaner.de\/exklusiv\/\"},{\"@type\":\"ListItem\",\"position\":2,\"name\":\"So simpel, so effektvoll: Regale dekorieren\"}]},{\"@type\":\"WebSite\",\"@id\":\"https:\/\/www.schrankplaner.de\/exklusiv\/#website\",\"url\":\"https:\/\/www.schrankplaner.de\/exklusiv\/\",\"name\":\"Schrankplaner Exklusiv\",\"description\":\"\",\"publisher\":{\"@id\":\"https:\/\/www.schrankplaner.de\/exklusiv\/#organization\"},\"potentialAction\":[{\"@type\":\"SearchAction\",\"target\":{\"@type\":\"EntryPoint\",\"urlTemplate\":\"https:\/\/www.schrankplaner.de\/exklusiv\/?s={search_term_string}\"},\"query-input\":{\"@type\":\"PropertyValueSpecification\",\"valueRequired\":true,\"valueName\":\"search_term_string\"}}],\"inLanguage\":\"de\"},{\"@type\":\"Organization\",\"@id\":\"https:\/\/www.schrankplaner.de\/exklusiv\/#organization\",\"name\":\"Schrankplaner Exklusiv\",\"url\":\"https:\/\/www.schrankplaner.de\/exklusiv\/\",\"logo\":{\"@type\":\"ImageObject\",\"inLanguage\":\"de\",\"@id\":\"https:\/\/www.schrankplaner.de\/exklusiv\/#\/schema\/logo\/image\/\",\"url\":\"https:\/\/www.schrankplaner.de\/exklusiv\/wp-content\/uploads\/2020\/02\/cropped-Logo-Schrankplaner-Exklusiv.png\",\"contentUrl\":\"https:\/\/www.schrankplaner.de\/exklusiv\/wp-content\/uploads\/2020\/02\/cropped-Logo-Schrankplaner-Exklusiv.png\",\"width\":61,\"height\":61,\"caption\":\"Schrankplaner Exklusiv\"},\"image\":{\"@id\":\"https:\/\/www.schrankplaner.de\/exklusiv\/#\/schema\/logo\/image\/\"}},{\"@type\":\"Person\",\"@id\":\"https:\/\/www.schrankplaner.de\/exklusiv\/#\/schema\/person\/6892ccd1b8543a2031229f3b609b5c31\",\"name\":\"Paul\"}]}<\/script>\n<!-- \/ Yoast SEO plugin. -->","yoast_head_json":{"title":"Regale dekorieren: dekorativ einr\u00e4umen - so geht`s","description":"Ob als Raumtrenner oder Aufbewahrungsm\u00f6bel - wir zeigen, wie Sie Regale dekorieren k\u00f6nnen und so nicht nur den Platz gut nutzen. Regale einr\u00e4umen","robots":{"index":"index","follow":"follow","max-snippet":"max-snippet:-1","max-image-preview":"max-image-preview:large","max-video-preview":"max-video-preview:-1"},"canonical":"https:\/\/www.schrankplaner.de\/exklusiv\/regale-dekorieren-wohnzimmer-regal-einraeumen\/","og_locale":"de_DE","og_type":"article","og_title":"Regale dekorieren: dekorativ einr\u00e4umen - so geht`s","og_description":"Ob als Raumtrenner oder Aufbewahrungsm\u00f6bel - wir zeigen, wie Sie Regale dekorieren k\u00f6nnen und so nicht nur den Platz gut nutzen. Regale einr\u00e4umen","og_url":"https:\/\/www.schrankplaner.de\/exklusiv\/regale-dekorieren-wohnzimmer-regal-einraeumen\/","og_site_name":"Schrankplaner Exklusiv","article_published_time":"2021-04-12T09:29:50+00:00","article_modified_time":"2025-06-18T11:39:26+00:00","og_image":[{"width":827,"height":505,"url":"https:\/\/www.schrankplaner.de\/exklusiv\/wp-content\/uploads\/2021\/04\/Wohnzimmer-Regal-einraeumen.jpg","type":"image\/jpeg"}],"author":"Paul","twitter_card":"summary_large_image","twitter_misc":{"Geschrieben von":"Paul","Gesch\u00e4tzte Lesezeit":"13\u00a0Minuten"},"schema":{"@context":"https:\/\/schema.org","@graph":[{"@type":"Article","@id":"https:\/\/www.schrankplaner.de\/exklusiv\/regale-dekorieren-wohnzimmer-regal-einraeumen\/#article","isPartOf":{"@id":"https:\/\/www.schrankplaner.de\/exklusiv\/regale-dekorieren-wohnzimmer-regal-einraeumen\/"},"author":{"name":"Paul","@id":"https:\/\/www.schrankplaner.de\/exklusiv\/#\/schema\/person\/6892ccd1b8543a2031229f3b609b5c31"},"headline":"So simpel, so effektvoll: Regale dekorieren","datePublished":"2021-04-12T09:29:50+00:00","dateModified":"2025-06-18T11:39:26+00:00","mainEntityOfPage":{"@id":"https:\/\/www.schrankplaner.de\/exklusiv\/regale-dekorieren-wohnzimmer-regal-einraeumen\/"},"wordCount":1094,"publisher":{"@id":"https:\/\/www.schrankplaner.de\/exklusiv\/#organization"},"image":{"@id":"https:\/\/www.schrankplaner.de\/exklusiv\/regale-dekorieren-wohnzimmer-regal-einraeumen\/#primaryimage"},"thumbnailUrl":"https:\/\/www.schrankplaner.de\/exklusiv\/wp-content\/uploads\/2021\/04\/Wohnzimmer-Regal-einraeumen.jpg","keywords":["b\u00fccherregal dekorativ einr\u00e4umen","b\u00fccherregal einr\u00e4umen","regal einr\u00e4umen","regale dekorieren","regalsysteme wohnzimmer","wohnzimmer regal"],"articleSection":["Ordnung im Schrank","Themen"],"inLanguage":"de"},{"@type":"WebPage","@id":"https:\/\/www.schrankplaner.de\/exklusiv\/regale-dekorieren-wohnzimmer-regal-einraeumen\/","url":"https:\/\/www.schrankplaner.de\/exklusiv\/regale-dekorieren-wohnzimmer-regal-einraeumen\/","name":"Regale dekorieren: dekorativ einr\u00e4umen - so geht`s","isPartOf":{"@id":"https:\/\/www.schrankplaner.de\/exklusiv\/#website"},"primaryImageOfPage":{"@id":"https:\/\/www.schrankplaner.de\/exklusiv\/regale-dekorieren-wohnzimmer-regal-einraeumen\/#primaryimage"},"image":{"@id":"https:\/\/www.schrankplaner.de\/exklusiv\/regale-dekorieren-wohnzimmer-regal-einraeumen\/#primaryimage"},"thumbnailUrl":"https:\/\/www.schrankplaner.de\/exklusiv\/wp-content\/uploads\/2021\/04\/Wohnzimmer-Regal-einraeumen.jpg","datePublished":"2021-04-12T09:29:50+00:00","dateModified":"2025-06-18T11:39:26+00:00","description":"Ob als Raumtrenner oder Aufbewahrungsm\u00f6bel - wir zeigen, wie Sie Regale dekorieren k\u00f6nnen und so nicht nur den Platz gut nutzen. Regale einr\u00e4umen","breadcrumb":{"@id":"https:\/\/www.schrankplaner.de\/exklusiv\/regale-dekorieren-wohnzimmer-regal-einraeumen\/#breadcrumb"},"inLanguage":"de","potentialAction":[{"@type":"ReadAction","target":["https:\/\/www.schrankplaner.de\/exklusiv\/regale-dekorieren-wohnzimmer-regal-einraeumen\/"]}]},{"@type":"ImageObject","inLanguage":"de","@id":"https:\/\/www.schrankplaner.de\/exklusiv\/regale-dekorieren-wohnzimmer-regal-einraeumen\/#primaryimage","url":"https:\/\/www.schrankplaner.de\/exklusiv\/wp-content\/uploads\/2021\/04\/Wohnzimmer-Regal-einraeumen.jpg","contentUrl":"https:\/\/www.schrankplaner.de\/exklusiv\/wp-content\/uploads\/2021\/04\/Wohnzimmer-Regal-einraeumen.jpg","width":827,"height":505,"caption":"Regale dekorieren und einr\u00e4umen"},{"@type":"BreadcrumbList","@id":"https:\/\/www.schrankplaner.de\/exklusiv\/regale-dekorieren-wohnzimmer-regal-einraeumen\/#breadcrumb","itemListElement":[{"@type":"ListItem","position":1,"name":"Startseite","item":"https:\/\/www.schrankplaner.de\/exklusiv\/"},{"@type":"ListItem","position":2,"name":"So simpel, so effektvoll: Regale dekorieren"}]},{"@type":"WebSite","@id":"https:\/\/www.schrankplaner.de\/exklusiv\/#website","url":"https:\/\/www.schrankplaner.de\/exklusiv\/","name":"Schrankplaner Exklusiv","description":"","publisher":{"@id":"https:\/\/www.schrankplaner.de\/exklusiv\/#organization"},"potentialAction":[{"@type":"SearchAction","target":{"@type":"EntryPoint","urlTemplate":"https:\/\/www.schrankplaner.de\/exklusiv\/?s={search_term_string}"},"query-input":{"@type":"PropertyValueSpecification","valueRequired":true,"valueName":"search_term_string"}}],"inLanguage":"de"},{"@type":"Organization","@id":"https:\/\/www.schrankplaner.de\/exklusiv\/#organization","name":"Schrankplaner Exklusiv","url":"https:\/\/www.schrankplaner.de\/exklusiv\/","logo":{"@type":"ImageObject","inLanguage":"de","@id":"https:\/\/www.schrankplaner.de\/exklusiv\/#\/schema\/logo\/image\/","url":"https:\/\/www.schrankplaner.de\/exklusiv\/wp-content\/uploads\/2020\/02\/cropped-Logo-Schrankplaner-Exklusiv.png","contentUrl":"https:\/\/www.schrankplaner.de\/exklusiv\/wp-content\/uploads\/2020\/02\/cropped-Logo-Schrankplaner-Exklusiv.png","width":61,"height":61,"caption":"Schrankplaner Exklusiv"},"image":{"@id":"https:\/\/www.schrankplaner.de\/exklusiv\/#\/schema\/logo\/image\/"}},{"@type":"Person","@id":"https:\/\/www.schrankplaner.de\/exklusiv\/#\/schema\/person\/6892ccd1b8543a2031229f3b609b5c31","name":"Paul"}]}},"_links":{"self":[{"href":"https:\/\/www.schrankplaner.de\/exklusiv\/wp-json\/wp\/v2\/posts\/2829","targetHints":{"allow":["GET"]}}],"collection":[{"href":"https:\/\/www.schrankplaner.de\/exklusiv\/wp-json\/wp\/v2\/posts"}],"about":[{"href":"https:\/\/www.schrankplaner.de\/exklusiv\/wp-json\/wp\/v2\/types\/post"}],"author":[{"embeddable":true,"href":"https:\/\/www.schrankplaner.de\/exklusiv\/wp-json\/wp\/v2\/users\/2"}],"replies":[{"embeddable":true,"href":"https:\/\/www.schrankplaner.de\/exklusiv\/wp-json\/wp\/v2\/comments?post=2829"}],"version-history":[{"count":0,"href":"https:\/\/www.schrankplaner.de\/exklusiv\/wp-json\/wp\/v2\/posts\/2829\/revisions"}],"wp:featuredmedia":[{"embeddable":true,"href":"https:\/\/www.schrankplaner.de\/exklusiv\/wp-json\/wp\/v2\/media\/2840"}],"wp:attachment":[{"href":"https:\/\/www.schrankplaner.de\/exklusiv\/wp-json\/wp\/v2\/media?parent=2829"}],"wp:term":[{"taxonomy":"category","embeddable":true,"href":"https:\/\/www.schrankplaner.de\/exklusiv\/wp-json\/wp\/v2\/categories?post=2829"},{"taxonomy":"post_tag","embeddable":true,"href":"https:\/\/www.schrankplaner.de\/exklusiv\/wp-json\/wp\/v2\/tags?post=2829"}],"curies":[{"name":"wp","href":"https:\/\/api.w.org\/{rel}","templated":true}]}}